{"id":181473,"date":"2024-12-26T21:04:52","date_gmt":"2024-12-27T00:04:52","guid":{"rendered":"https:\/\/corrientesdetarde.com\/?p=181473"},"modified":"2024-12-26T21:04:56","modified_gmt":"2024-12-27T00:04:56","slug":"pescaron-un-pacu-de-unos-10-kilos-en-el-rio-corriente","status":"publish","type":"post","link":"https:\/\/corrientesdetarde.com\/index.php\/sociales\/pescaron-un-pacu-de-unos-10-kilos-en-el-rio-corriente\/","title":{"rendered":"Pescaron un pac\u00fa de unos 10 kilos en el r\u00edo Corriente"},"content":{"rendered":"\n<p>El fin de semana ultimo se logr\u00f3 la captura del ejemplar, seg\u00fan manifestaron en redes sociales desde la localidad de Esquina. Tras las fotos respectiva fue devuelto a su habitad natural.&nbsp;<\/p>\n\n\n\n<p>Un tremendo ejemplar de pac\u00fa de aproximadamente 10 kilos fue capturado el s\u00e1bado \u00faltimo, se\u00f1ala el portal de noticias actualidadesquina, en las aguas del r\u00edo Corriente.<\/p>\n\n\n\n<p>La haza\u00f1a estuvo a cargo de Gonzalo Gim\u00e9nez, quien estuvo acompa\u00f1ado por Mauro Dom\u00ednguez, Eugenio Casal y el gu\u00eda Juan &#8220;Tanque&#8221; Lavorato.<\/p>\n\n\n\n<p>Luego de las fotos fue devuelto a su habitat natural.<\/p>\n","protected":false},"excerpt":{"rendered":"<p>El fin de semana ultimo se logr\u00f3 la captura del ejemplar, seg\u00fan manifestaron en redes sociales desde la localidad de Esquina. Tras las fotos respectiva fue devuelto a su habitad&hellip; <\/p>\n","protected":false},"author":4,"featured_media":181515,"comment_status":"closed","ping_status":"open","sticky":false,"template":"","format":"standard","meta":{"footnotes":""},"categories":[17],"tags":[],"class_list":["post-181473","post","type-post","status-publish","format-standard","has-post-thumbnail","hentry","category-sociales"],"_links":{"self":[{"href":"https:\/\/corrientesdetarde.com\/index.php\/wp-json\/wp\/v2\/posts\/181473","targetHints":{"allow":["GET"]}}],"collection":[{"href":"https:\/\/corrientesdetarde.com\/index.php\/wp-json\/wp\/v2\/posts"}],"about":[{"href":"https:\/\/corrientesdetarde.com\/index.php\/wp-json\/wp\/v2\/types\/post"}],"author":[{"embeddable":true,"href":"https:\/\/corrientesdetarde.com\/index.php\/wp-json\/wp\/v2\/users\/4"}],"replies":[{"embeddable":true,"href":"https:\/\/corrientesdetarde.com\/index.php\/wp-json\/wp\/v2\/comments?post=181473"}],"version-history":[{"count":2,"href":"https:\/\/corrientesdetarde.com\/index.php\/wp-json\/wp\/v2\/posts\/181473\/revisions"}],"predecessor-version":[{"id":181517,"href":"https:\/\/corrientesdetarde.com\/index.php\/wp-json\/wp\/v2\/posts\/181473\/revisions\/181517"}],"wp:featuredmedia":[{"embeddable":true,"href":"https:\/\/corrientesdetarde.com\/index.php\/wp-json\/wp\/v2\/media\/181515"}],"wp:attachment":[{"href":"https:\/\/corrientesdetarde.com\/index.php\/wp-json\/wp\/v2\/media?parent=181473"}],"wp:term":[{"taxonomy":"category","embeddable":true,"href":"https:\/\/corrientesdetarde.com\/index.php\/wp-json\/wp\/v2\/categories?post=181473"},{"taxonomy":"post_tag","embeddable":true,"href":"https:\/\/corrientesdetarde.com\/index.php\/wp-json\/wp\/v2\/tags?post=181473"}],"curies":[{"name":"wp","href":"https:\/\/api.w.org\/{rel}","templated":true}]}}