{"id":181487,"date":"2024-12-26T20:29:03","date_gmt":"2024-12-26T23:29:03","guid":{"rendered":"https:\/\/corrientesdetarde.com\/?p=181487"},"modified":"2024-12-26T20:32:19","modified_gmt":"2024-12-26T23:32:19","slug":"con-un-soleado-sapucay-comienza-la-pena-atardecer-en-chamame","status":"publish","type":"post","link":"https:\/\/corrientesdetarde.com\/index.php\/destacados\/con-un-soleado-sapucay-comienza-la-pena-atardecer-en-chamame\/","title":{"rendered":"Con un soleado sapucay comienza la Pe\u00f1a &#8220;Atardecer en Chamam\u00e9&#8221;"},"content":{"rendered":"\n<p>La propuesta, que surge dentro del marco de la Fiesta Nacional del Chamam\u00e9 2025, se realizar\u00e1 los viernes a partir de las 21 horas. En esta primera edici\u00f3n, actuar\u00e1n Consuelo Castillo y El M\u00fasico curuzucuate\u00f1o Diego Flores.<\/p>\n\n\n\n<p>Con el apoyo del Vicegobernador, Pedro Braillard Poccard, y del Instituto de Cultura a cargo de su Presidente, Beatriz Kunin, a partir del pr\u00f3ximo viernes 27 de diciembre se llevar\u00e1 a cabo la Pe\u00f1a Oficial &#8220;Atardecer en Chamam\u00e9&#8221; en el predio del Boca Unidos Center.<\/p>\n\n\n\n<p>Y el viernes siguiente -3 de enero- con la actuaci\u00f3n de Ver\u00f3nica Noguera y Ramiro Ojeda.<\/p>\n\n\n\n<p>Este espacio se suma como alternativa para los correntinos y turistas, que quieran disfrutar de manera libre y gratuita de una tradicional Bailanta Chamamecera, con la actuaci\u00f3n de destacados artistas en la costa del r\u00edo Paran\u00e1.<\/p>\n\n\n\n<figure class=\"wp-block-image size-full\"><img loading=\"lazy\" decoding=\"async\" width=\"688\" height=\"797\" src=\"https:\/\/corrientesdetarde.com\/wp-content\/uploads\/2024\/12\/image-1189.png\" alt=\"\" class=\"wp-image-181489\" srcset=\"https:\/\/corrientesdetarde.com\/wp-content\/uploads\/2024\/12\/image-1189.png 688w, https:\/\/corrientesdetarde.com\/wp-content\/uploads\/2024\/12\/image-1189-259x300.png 259w\" sizes=\"auto, (max-width: 688px) 100vw, 688px\" \/><\/figure>\n","protected":false},"excerpt":{"rendered":"<p>La propuesta, que surge dentro del marco de la Fiesta Nacional del Chamam\u00e9 2025, se realizar\u00e1 los viernes a partir de las 21 horas. En esta primera edici\u00f3n, actuar\u00e1n Consuelo&hellip; <\/p>\n","protected":false},"author":4,"featured_media":181488,"comment_status":"closed","ping_status":"open","sticky":false,"template":"","format":"standard","meta":{"footnotes":""},"categories":[26],"tags":[],"class_list":["post-181487","post","type-post","status-publish","format-standard","has-post-thumbnail","hentry","category-destacados"],"_links":{"self":[{"href":"https:\/\/corrientesdetarde.com\/index.php\/wp-json\/wp\/v2\/posts\/181487","targetHints":{"allow":["GET"]}}],"collection":[{"href":"https:\/\/corrientesdetarde.com\/index.php\/wp-json\/wp\/v2\/posts"}],"about":[{"href":"https:\/\/corrientesdetarde.com\/index.php\/wp-json\/wp\/v2\/types\/post"}],"author":[{"embeddable":true,"href":"https:\/\/corrientesdetarde.com\/index.php\/wp-json\/wp\/v2\/users\/4"}],"replies":[{"embeddable":true,"href":"https:\/\/corrientesdetarde.com\/index.php\/wp-json\/wp\/v2\/comments?post=181487"}],"version-history":[{"count":3,"href":"https:\/\/corrientesdetarde.com\/index.php\/wp-json\/wp\/v2\/posts\/181487\/revisions"}],"predecessor-version":[{"id":181494,"href":"https:\/\/corrientesdetarde.com\/index.php\/wp-json\/wp\/v2\/posts\/181487\/revisions\/181494"}],"wp:featuredmedia":[{"embeddable":true,"href":"https:\/\/corrientesdetarde.com\/index.php\/wp-json\/wp\/v2\/media\/181488"}],"wp:attachment":[{"href":"https:\/\/corrientesdetarde.com\/index.php\/wp-json\/wp\/v2\/media?parent=181487"}],"wp:term":[{"taxonomy":"category","embeddable":true,"href":"https:\/\/corrientesdetarde.com\/index.php\/wp-json\/wp\/v2\/categories?post=181487"},{"taxonomy":"post_tag","embeddable":true,"href":"https:\/\/corrientesdetarde.com\/index.php\/wp-json\/wp\/v2\/tags?post=181487"}],"curies":[{"name":"wp","href":"https:\/\/api.w.org\/{rel}","templated":true}]}}