{"id":181495,"date":"2024-12-26T20:35:49","date_gmt":"2024-12-26T23:35:49","guid":{"rendered":"https:\/\/corrientesdetarde.com\/?p=181495"},"modified":"2024-12-26T20:37:42","modified_gmt":"2024-12-26T23:37:42","slug":"la-fec-exigio-a-nacion-la-reparacion-de-rutas-destruidas-que-ponen-en-riesgo-vidas-y-afectan-a-la-economia","status":"publish","type":"post","link":"https:\/\/corrientesdetarde.com\/index.php\/locales\/la-fec-exigio-a-nacion-la-reparacion-de-rutas-destruidas-que-ponen-en-riesgo-vidas-y-afectan-a-la-economia\/","title":{"rendered":"La FEC exigi\u00f3 a Naci\u00f3n la reparaci\u00f3n de rutas destruidas que ponen en riesgo vidas y afectan a la econom\u00eda"},"content":{"rendered":"\n<p>A trav\u00e9s de un comunicado la FEC solicit\u00f3 una pronta soluci\u00f3n a este problema que afecta a todos los sectores de la sociedad.<\/p>\n\n\n\n<p>La Federaci\u00f3n Econ\u00f3mica de Corrientes (FEC) lanz\u00f3 un fuerte llamado al Gobierno Nacional para que intervenga de manera inmediata y solucione el cr\u00edtico estado de las rutas nacionales 14 y 12.<\/p>\n\n\n\n<p>Estas v\u00edas, fundamentales para la conectividad de la provincia con el resto del pa\u00eds y con los pa\u00edses vecinos, se encuentran en p\u00e9simas condiciones, lo que viene generando hace tiempo una ola de accidentes fatales y perjudica gravemente la actividad econ\u00f3mica de la regi\u00f3n.<\/p>\n\n\n\n<p>&#8220;Estas v\u00edas arterias fundamentales para la conectividad y el desarrollo econ\u00f3mico de nuestra &nbsp;provincia, claves para el flujo comercial con el Mercosur y el creciente turismo nacional e &nbsp;internacional que elige nuestra regi\u00f3n&#8221;, indicaron desde la entidad en un comunicado de prensa difundido este jueves.&#8221;<\/p>\n\n\n\n<p>El deterioro de las rutas pone en riesgo la vida de quienes las transitan, afecta la competitividad de &nbsp;nuestras empresas y perjudica la experiencia de miles de turistas que nos visitan cada a\u00f1o, &nbsp;disminuyendo las oportunidades de desarrollo de econ\u00f3mico y social de Corrientes &#8220;, agregaron.&nbsp;<\/p>\n\n\n\n<p>&#8220;Solicitamos al Gobierno Nacional que tome medidas urgentes y definitivas para garantizar la seguridad vial y mejorar la infraestructura de estas rutas&#8221;, expresaron. &#8220;La reparaci\u00f3n y el mantenimiento de las rutas 14 y 12 son una inversi\u00f3n necesaria para el futuro de Corrientes&#8221;, aseguraron desde el sector empresarial.&nbsp;<\/p>\n\n\n\n<figure class=\"wp-block-image size-full\"><img loading=\"lazy\" decoding=\"async\" width=\"791\" height=\"700\" src=\"https:\/\/corrientesdetarde.com\/wp-content\/uploads\/2024\/12\/image-1190.png\" alt=\"\" class=\"wp-image-181496\" srcset=\"https:\/\/corrientesdetarde.com\/wp-content\/uploads\/2024\/12\/image-1190.png 791w, https:\/\/corrientesdetarde.com\/wp-content\/uploads\/2024\/12\/image-1190-300x265.png 300w, https:\/\/corrientesdetarde.com\/wp-content\/uploads\/2024\/12\/image-1190-768x680.png 768w\" sizes=\"auto, (max-width: 791px) 100vw, 791px\" \/><\/figure>\n\n\n\n<p><\/p>\n","protected":false},"excerpt":{"rendered":"<p>A trav\u00e9s de un comunicado la FEC solicit\u00f3 una pronta soluci\u00f3n a este problema que afecta a todos los sectores de la sociedad. La Federaci\u00f3n Econ\u00f3mica de Corrientes (FEC) lanz\u00f3&hellip; <\/p>\n","protected":false},"author":4,"featured_media":181497,"comment_status":"closed","ping_status":"open","sticky":false,"template":"","format":"standard","meta":{"footnotes":""},"categories":[8],"tags":[],"class_list":["post-181495","post","type-post","status-publish","format-standard","has-post-thumbnail","hentry","category-locales"],"_links":{"self":[{"href":"https:\/\/corrientesdetarde.com\/index.php\/wp-json\/wp\/v2\/posts\/181495","targetHints":{"allow":["GET"]}}],"collection":[{"href":"https:\/\/corrientesdetarde.com\/index.php\/wp-json\/wp\/v2\/posts"}],"about":[{"href":"https:\/\/corrientesdetarde.com\/index.php\/wp-json\/wp\/v2\/types\/post"}],"author":[{"embeddable":true,"href":"https:\/\/corrientesdetarde.com\/index.php\/wp-json\/wp\/v2\/users\/4"}],"replies":[{"embeddable":true,"href":"https:\/\/corrientesdetarde.com\/index.php\/wp-json\/wp\/v2\/comments?post=181495"}],"version-history":[{"count":2,"href":"https:\/\/corrientesdetarde.com\/index.php\/wp-json\/wp\/v2\/posts\/181495\/revisions"}],"predecessor-version":[{"id":181500,"href":"https:\/\/corrientesdetarde.com\/index.php\/wp-json\/wp\/v2\/posts\/181495\/revisions\/181500"}],"wp:featuredmedia":[{"embeddable":true,"href":"https:\/\/corrientesdetarde.com\/index.php\/wp-json\/wp\/v2\/media\/181497"}],"wp:attachment":[{"href":"https:\/\/corrientesdetarde.com\/index.php\/wp-json\/wp\/v2\/media?parent=181495"}],"wp:term":[{"taxonomy":"category","embeddable":true,"href":"https:\/\/corrientesdetarde.com\/index.php\/wp-json\/wp\/v2\/categories?post=181495"},{"taxonomy":"post_tag","embeddable":true,"href":"https:\/\/corrientesdetarde.com\/index.php\/wp-json\/wp\/v2\/tags?post=181495"}],"curies":[{"name":"wp","href":"https:\/\/api.w.org\/{rel}","templated":true}]}}