{"id":181522,"date":"2024-12-26T23:44:24","date_gmt":"2024-12-27T02:44:24","guid":{"rendered":"https:\/\/corrientesdetarde.com\/?p=181522"},"modified":"2024-12-26T23:55:58","modified_gmt":"2024-12-27T02:55:58","slug":"cuenta-regresiva-para-los-carnavales-oficiales-habilitaron-la-venta-de-entradas","status":"publish","type":"post","link":"https:\/\/corrientesdetarde.com\/index.php\/actualidad\/cuenta-regresiva-para-los-carnavales-oficiales-habilitaron-la-venta-de-entradas\/","title":{"rendered":"Cuenta regresiva para los Carnavales Oficiales: habilitaron la venta de entradas"},"content":{"rendered":"\n<p>ada vez falta menos para el inicio de los esperados Carnavales Oficiales 2025 en Corrientes. Con el Cors\u00f3dromo Nolo Al\u00edas como epicentro de la fiesta, la organizaci\u00f3n ya habilit\u00f3&nbsp;&nbsp;la venta de entradas para las primeras noches de desfile.<\/p>\n\n\n\n<p>Las entradas pueden adquirirse a trav\u00e9s de la p\u00e1gina oficial\u00a0www.carnavalencorrientes.com, donde los usuarios pueden elegir entre distintas tribunas con precios que parten desde $6.500.<\/p>\n\n\n\n<p>Adem\u00e1s, quienes cuenten con tarjetas de cr\u00e9dito del Banco de Corrientes podr\u00e1n aprovechar la promoci\u00f3n de tres cuotas sin inter\u00e9s, convirti\u00e9ndose en una oportunidad imperdible para disfrutar de esta celebraci\u00f3n.<\/p>\n\n\n\n<p>Para los que&nbsp;prefieran adquirir las entradas de manera f\u00edsica, en los pr\u00f3ximos d\u00edas se habilitar\u00e1 el Centenario Shopping como punto de venta, y tambi\u00e9n se dispondr\u00e1n otros puntos c\u00e9ntricos m\u00e1s cerca del inicio del evento.<\/p>\n\n\n\n<p>El precio de los tickets para los primeros tres d\u00edas (1, 7 y 8 de febrero) var\u00eda&nbsp;<strong>entre 6.500 y los 20.500 pesos<\/strong>, seg\u00fan la ubicaci\u00f3n.&nbsp;<\/p>\n\n\n\n<figure class=\"wp-block-image\"><img decoding=\"async\" src=\"https:\/\/pxcdn.ellitoral.com.ar\/litoral\/122024\/1735239361692.jpg?cw=807\" alt=\"Cuenta regresiva para los Carnavales Oficiales: habilitaron la venta de entradas\" title=\"Cuenta regresiva para los Carnavales Oficiales: habilitaron la venta de entradas-\"\/><\/figure>\n\n\n\n<p><strong>Dos competencias en los Carnavales 2025<\/strong><br>Este a\u00f1o, los carnavales tendr\u00e1n un atractivo especial con dos competencias: el tradicional evento que re\u00fane a las comparsas y agrupaciones emblem\u00e1ticas de la ciudad capital, y el nuevo trofeo provincial, que incluir\u00e1 la participaci\u00f3n de distintas localidades del interior.<\/p>\n\n\n\n<p><strong>La primera noche de carnaval ser\u00e1 el s\u00e1bado 1 de febrero y el evento se extender\u00e1 hasta el lunes 3 de marzo. Las competencias provinciales tendr\u00e1n lugar los s\u00e1bados 17 y 24 de febrero, mientras que los shows de comparsas se realizar\u00e1n los d\u00edas 5, 9 y 12 de febrero en el Anfiteatro Cocomarola.<\/strong><\/p>\n\n\n\n<p>Con todo listo para recibir a turistas y locales, los Carnavales 2025 prometen ser un espect\u00e1culo inolvidable, consolid\u00e1ndose como una de las fiestas m\u00e1s ic\u00f3nicas del pa\u00eds.<\/p>\n","protected":false},"excerpt":{"rendered":"<p>ada vez falta menos para el inicio de los esperados Carnavales Oficiales 2025 en Corrientes. Con el Cors\u00f3dromo Nolo Al\u00edas como epicentro de la fiesta, la organizaci\u00f3n ya habilit\u00f3&nbsp;&nbsp;la venta&hellip; <\/p>\n","protected":false},"author":4,"featured_media":181523,"comment_status":"closed","ping_status":"open","sticky":false,"template":"","format":"standard","meta":{"footnotes":""},"categories":[23],"tags":[],"class_list":["post-181522","post","type-post","status-publish","format-standard","has-post-thumbnail","hentry","category-actualidad"],"_links":{"self":[{"href":"https:\/\/corrientesdetarde.com\/index.php\/wp-json\/wp\/v2\/posts\/181522","targetHints":{"allow":["GET"]}}],"collection":[{"href":"https:\/\/corrientesdetarde.com\/index.php\/wp-json\/wp\/v2\/posts"}],"about":[{"href":"https:\/\/corrientesdetarde.com\/index.php\/wp-json\/wp\/v2\/types\/post"}],"author":[{"embeddable":true,"href":"https:\/\/corrientesdetarde.com\/index.php\/wp-json\/wp\/v2\/users\/4"}],"replies":[{"embeddable":true,"href":"https:\/\/corrientesdetarde.com\/index.php\/wp-json\/wp\/v2\/comments?post=181522"}],"version-history":[{"count":2,"href":"https:\/\/corrientesdetarde.com\/index.php\/wp-json\/wp\/v2\/posts\/181522\/revisions"}],"predecessor-version":[{"id":181527,"href":"https:\/\/corrientesdetarde.com\/index.php\/wp-json\/wp\/v2\/posts\/181522\/revisions\/181527"}],"wp:featuredmedia":[{"embeddable":true,"href":"https:\/\/corrientesdetarde.com\/index.php\/wp-json\/wp\/v2\/media\/181523"}],"wp:attachment":[{"href":"https:\/\/corrientesdetarde.com\/index.php\/wp-json\/wp\/v2\/media?parent=181522"}],"wp:term":[{"taxonomy":"category","embeddable":true,"href":"https:\/\/corrientesdetarde.com\/index.php\/wp-json\/wp\/v2\/categories?post=181522"},{"taxonomy":"post_tag","embeddable":true,"href":"https:\/\/corrientesdetarde.com\/index.php\/wp-json\/wp\/v2\/tags?post=181522"}],"curies":[{"name":"wp","href":"https:\/\/api.w.org\/{rel}","templated":true}]}}