{"id":181540,"date":"2024-12-27T08:35:30","date_gmt":"2024-12-27T11:35:30","guid":{"rendered":"https:\/\/corrientesdetarde.com\/?p=181540"},"modified":"2024-12-27T08:35:34","modified_gmt":"2024-12-27T11:35:34","slug":"jose-adolfo-larregain-asume-hoy-como-arzobispo-de-corrientes","status":"publish","type":"post","link":"https:\/\/corrientesdetarde.com\/index.php\/locales\/jose-adolfo-larregain-asume-hoy-como-arzobispo-de-corrientes\/","title":{"rendered":"Jos\u00e9 Adolfo Larregain asume hoy como arzobispo de Corrientes"},"content":{"rendered":"\n<p>Hoy ser\u00e1 una jornada hist\u00f3rica para la comunidad cat\u00f3lica local, ya que Jos\u00e9 Adolfo Larregain, oficialmente asumir\u00e1 como nuevo arzobispo de Corrientes y de ese modo suceder\u00e1 a Andr\u00e9s Stanovnik, quien gestion\u00f3 esta arquidi\u00f3cesis por 17 a\u00f1os.<\/p>\n\n\n\n<p>En virtud del inicio del nuevo ministerio pastoral, a las 20 se har\u00e1 una misa de acci\u00f3n de gracias de la que participar\u00e1n obispos de la regi\u00f3n pastoral NEA y otras di\u00f3cesis del pa\u00eds. La ceremonia se har\u00e1 en el atrio de la Iglesia Catedral &#8220;Nuestra Se\u00f1ora del Rosario&#8221;. A las 19:30 se recibir\u00e1 a las sagradas im\u00e1genes de la r\u00e9plica de la Cruz de los Milagros y de la peregrina de Nuestra Se\u00f1ora de Itat\u00ed. A las 20, se celebrar\u00e1 la eucarist\u00eda.<\/p>\n\n\n\n<figure class=\"wp-block-image size-large\"><img loading=\"lazy\" decoding=\"async\" width=\"576\" height=\"1024\" src=\"https:\/\/corrientesdetarde.com\/wp-content\/uploads\/2024\/12\/Imagen-de-WhatsApp-2024-12-27-a-las-00.32.42_5701c97f-576x1024.jpg\" alt=\"\" class=\"wp-image-181541\" srcset=\"https:\/\/corrientesdetarde.com\/wp-content\/uploads\/2024\/12\/Imagen-de-WhatsApp-2024-12-27-a-las-00.32.42_5701c97f-576x1024.jpg 576w, https:\/\/corrientesdetarde.com\/wp-content\/uploads\/2024\/12\/Imagen-de-WhatsApp-2024-12-27-a-las-00.32.42_5701c97f-169x300.jpg 169w, https:\/\/corrientesdetarde.com\/wp-content\/uploads\/2024\/12\/Imagen-de-WhatsApp-2024-12-27-a-las-00.32.42_5701c97f-768x1365.jpg 768w, https:\/\/corrientesdetarde.com\/wp-content\/uploads\/2024\/12\/Imagen-de-WhatsApp-2024-12-27-a-las-00.32.42_5701c97f-864x1536.jpg 864w, https:\/\/corrientesdetarde.com\/wp-content\/uploads\/2024\/12\/Imagen-de-WhatsApp-2024-12-27-a-las-00.32.42_5701c97f.jpg 900w\" sizes=\"auto, (max-width: 576px) 100vw, 576px\" \/><\/figure>\n\n\n\n<h2 class=\"wp-block-heading\">Su vida, su trayectoria<\/h2>\n\n\n\n<p>Jos\u00e9 Adolfo Larregain ser\u00e1 el s\u00e9ptimo prelado de Corrientes. Naci\u00f3 el 3 de abril de 1966 en la localidad de Adolfo Gonzales Chaves, en el sur de la provincia de Buenos Aires. El 19 de marzo de 1994 ingres\u00f3 a la Orden de los Hermanos Menores Franciscanos. En el a\u00f1o 2000 realiz\u00f3 la profesi\u00f3n solemne en la Orden Franciscana y el 19 de marzo de 2004 recibi\u00f3 la ordenaci\u00f3n sacerdotal. Obtuvo el bachillerato en Teolog\u00eda en el Instituto Teol\u00f3gico Franciscano &#8220;Fray Luis Bola\u00f1os&#8221; de Buenos Aires y luego la Licenciatura en Teolog\u00eda Pastoral en la Facultad de Teolog\u00eda de la Pontificia Universidad Cat\u00f3lica Argentina Santa Mar\u00eda de los Buenos Aires.<\/p>\n\n\n\n<p>Desarroll\u00f3 una intensa actividad pastoral y de responsabilidades en diferentes zonas de Argentina donde est\u00e1n presentes comunidades franciscanas, entre ellas R\u00edo Cuarto (C\u00f3rdoba), Salta, Lomas de Maril\u00f3 (Buenos Aires); guardi\u00e1n de la Casa en La Teja en Merlo, y definidor provincial de la Orden.<\/p>\n\n\n\n<p>Jos\u00e9 Adolfo, quien desde 2020 era obispo auxiliar de Corrientes, fue designado para suceder a monse\u00f1or Andr\u00e9s Stanovnik a trav\u00e9s de la bula firmada por el papa Francisco el 27 de septiembre de este a\u00f1o. El 27 de noviembre, d\u00eda de la Medalla Milagrosa, Larregain tom\u00f3 posesi\u00f3n de su oficio de coadjutor ante monse\u00f1or Stanovnik y el Colegio de Consultores de esta Arquidi\u00f3cesis.<\/p>\n\n\n\n<p>En orden cronol\u00f3gico hay que tener presente que el correntino Luis Mar\u00eda Niella fue el primer obispo del Tarag\u00fc\u00ed y ejerci\u00f3 su ministerio desde 1911 hasta su fallecimiento en 1933 (el entrerriano, Pedro Dionisio Tibiletti, fue su obispo auxiliar desde 1929).<\/p>\n\n\n\n<p>Lo sucedi\u00f3 el santafesino Francisco Vicent\u00edn, quien tuvo a su cargo la Arquidi\u00f3cesis desde 1934 a 1972. Despu\u00e9s, tom\u00f3 esa responsabilidad Jorge Manuel L\u00f3pez (oriundo de Rosario, Santa Fe) de 1972 a 1983.<\/p>\n\n\n\n<p>De 1983 a 1994, le toc\u00f3 el turno al entrerriano Fortunato Antonio Rossi. Desde 1994 a 2007 y desde all\u00ed al presente asumieron como arzobispos los bonaerenses Domingo Salvador Castagna y Andr\u00e9s Stanovnik.<\/p>\n\n\n\n<h2 class=\"wp-block-heading\">Apertura del A\u00f1o Jubilar en la Catedral<\/h2>\n\n\n\n<p>Desde el Arzobispado de Corrientes dieron a conocer que este domingo la Iglesia particular de Corrientes dar\u00e1 apertura al solemne del A\u00f1o Jubilar.<\/p>\n\n\n\n<p>&#8220;Todas las parroquias tendr\u00e1n un texto ritual y un gesto en com\u00fan con una procesi\u00f3n de entrada todos juntos, adecuando los horarios de celebraci\u00f3n de cada comunidad. A las 19:30 se concentrar\u00e1n los fieles en la Iglesia Santa Rita para caminar y llegar al templo parroquial &#8220;Nuestra Se\u00f1ora del Rosario&#8221; y celebrar la Solemne Eucarist\u00eda a las 20. El A\u00f1o Santo finalizar\u00e1 el domingo 28 de diciembre de 2025&#8243;, explicaron por medio de un comunicado que lleva la firma de los arzobispos: Andr\u00e9s Stanovnik y Jos\u00e9 Adolfo Larregain.<\/p>\n\n\n\n<h2 class=\"wp-block-heading\">Cinco santuarios<\/h2>\n\n\n\n<p><br>&#8220;Establecemos los cinco santuarios de la Arquidi\u00f3cesis de Corrientes como lugares ordinarios de acogida y espacios privilegiados de esperanza. Estos son: Santuario Bas\u00edlica de Itat\u00ed, Santuario de la Cruz de los Milagros, Santuario Virgen de la Merced, Santuario de San Pantale\u00f3n, y Santuario de San Cayetano&#8221;, especificaron.<\/p>\n\n\n\n<p>&#8220;Animamos a la creatividad pastoral para que cada comunidad con sus acentos, contextos y particularidades pueda recrear esta oportunidad y fascinante desaf\u00edo para tener un encuentro vivo y personal con el Se\u00f1or Jes\u00fas reavivando la esperanza&#8221;, ampliaron los prelados.<\/p>\n","protected":false},"excerpt":{"rendered":"<p>Hoy ser\u00e1 una jornada hist\u00f3rica para la comunidad cat\u00f3lica local, ya que Jos\u00e9 Adolfo Larregain, oficialmente asumir\u00e1 como nuevo arzobispo de Corrientes y de ese modo suceder\u00e1 a Andr\u00e9s Stanovnik,&hellip; <\/p>\n","protected":false},"author":1,"featured_media":181542,"comment_status":"closed","ping_status":"open","sticky":false,"template":"","format":"standard","meta":{"footnotes":""},"categories":[8],"tags":[],"class_list":["post-181540","post","type-post","status-publish","format-standard","has-post-thumbnail","hentry","category-locales"],"_links":{"self":[{"href":"https:\/\/corrientesdetarde.com\/index.php\/wp-json\/wp\/v2\/posts\/181540","targetHints":{"allow":["GET"]}}],"collection":[{"href":"https:\/\/corrientesdetarde.com\/index.php\/wp-json\/wp\/v2\/posts"}],"about":[{"href":"https:\/\/corrientesdetarde.com\/index.php\/wp-json\/wp\/v2\/types\/post"}],"author":[{"embeddable":true,"href":"https:\/\/corrientesdetarde.com\/index.php\/wp-json\/wp\/v2\/users\/1"}],"replies":[{"embeddable":true,"href":"https:\/\/corrientesdetarde.com\/index.php\/wp-json\/wp\/v2\/comments?post=181540"}],"version-history":[{"count":1,"href":"https:\/\/corrientesdetarde.com\/index.php\/wp-json\/wp\/v2\/posts\/181540\/revisions"}],"predecessor-version":[{"id":181543,"href":"https:\/\/corrientesdetarde.com\/index.php\/wp-json\/wp\/v2\/posts\/181540\/revisions\/181543"}],"wp:featuredmedia":[{"embeddable":true,"href":"https:\/\/corrientesdetarde.com\/index.php\/wp-json\/wp\/v2\/media\/181542"}],"wp:attachment":[{"href":"https:\/\/corrientesdetarde.com\/index.php\/wp-json\/wp\/v2\/media?parent=181540"}],"wp:term":[{"taxonomy":"category","embeddable":true,"href":"https:\/\/corrientesdetarde.com\/index.php\/wp-json\/wp\/v2\/categories?post=181540"},{"taxonomy":"post_tag","embeddable":true,"href":"https:\/\/corrientesdetarde.com\/index.php\/wp-json\/wp\/v2\/tags?post=181540"}],"curies":[{"name":"wp","href":"https:\/\/api.w.org\/{rel}","templated":true}]}}