{"id":181550,"date":"2024-12-27T08:41:51","date_gmt":"2024-12-27T11:41:51","guid":{"rendered":"https:\/\/corrientesdetarde.com\/?p=181550"},"modified":"2024-12-27T08:41:55","modified_gmt":"2024-12-27T11:41:55","slug":"interna-libertaria-los-motivos-por-los-que-estallo-la-guerra-en-el-esquema-de-poder-del-gobierno","status":"publish","type":"post","link":"https:\/\/corrientesdetarde.com\/index.php\/politica\/interna-libertaria-los-motivos-por-los-que-estallo-la-guerra-en-el-esquema-de-poder-del-gobierno\/","title":{"rendered":"Interna libertaria: los motivos por los que estall\u00f3 la &#8220;guerra&#8221; en el esquema de poder del Gobierno"},"content":{"rendered":"\n<p><strong>Por Marina Devita para iProfesional.com<\/strong><\/p>\n\n\n\n<p>A pesar de la euforia por el \u00e9xito del gobierno liberal en el control de algunas variables de la econom\u00eda, la interna entre el presidente Javier Milei y la vicepresidenta Victoria Villarruel contin\u00faa sumando cap\u00edtulos en una novela que comienza a tener r\u00e9plicas dentro del &#8220;tri\u00e1ngulo de hierro&#8221;.<\/p>\n\n\n\n<p>Si bien el historial entre las primeras y segundas figuras del Ejecutivo tiene como antecedente m\u00e1s cercano la disputa entre el ex mandatario Alberto Fern\u00e1ndez y la ex vicepresidenta Cristina Kirchner, en el entorno de Villarruel marcan un claro contraste entre aquel conflicto y el que tiene actualmente a la vice como protagonista.&nbsp;&nbsp;<\/p>\n\n\n\n<p>&#8220;Alberto era el presidente y Cristina era la que detentaba el poder. A Victoria no solamente la han replegado al Senado, sino que todo el que se le acerca recibe un golpe&#8221;, graficaron a iProfesional fuentes cercanas a la titular de la C\u00e1mara Alta.<\/p>\n\n\n\n<p>En esa l\u00ednea, insistieron: &#8220;Esto es todo el poder del Estado en contra de la vicepresidenta. Ac\u00e1 ten\u00e9s todo el aparato de comunicaci\u00f3n del Presidente en contra de Victoria&#8221;.<\/p>\n\n\n\n<p><strong>\u201c\u00a1Limen a Victoria!\u201d<\/strong><\/p>\n\n\n\n<p>A pesar de que los cruces entre funcionarios del Gobierno y Villaruel comenzaron desde el inicio de la administraci\u00f3n liberal, cuando desde algunos sectores del Ejecutivo aseguraban que la vice estaba para &#8220;tocar la campanita&#8221;, ahora es el propio Milei el que se sum\u00f3 a los cuestionamientos.<\/p>\n\n\n\n<p>&#8220;Cada vez que me voy (de viaje al exterior) siempre alguno me hace alguna&#8230; sin comentarios&#8221;, dijo el jefe de Estado, en el marco de su intervenci\u00f3n ante la Bolsa de Comercio cordobesa el viernes pasado.<\/p>\n\n\n\n<p>La frase del Presidente hace alusi\u00f3n a la disputa que se desat\u00f3 d\u00edas atr\u00e1s con la titular del Senado en la previa de su \u00faltimo viaje a Roma, cuando la vice presidi\u00f3 la sesi\u00f3n que termin\u00f3 con la expulsi\u00f3n del ex legislador Edgardo Kueider.<\/p>\n\n\n\n<p>En esa oportunidad, Milei puso en duda la validez del apartamiento del senador del cuerpo legislativo y dijo que Villaruel &#8220;violent\u00f3 la divisi\u00f3n de poderes&#8221; al encabezar la sesi\u00f3n al mismo tiempo que se encontraba en funciones como presidenta de la Naci\u00f3n ante la ausencia del jefe de Estado.<\/p>\n\n\n\n<p>&#8220;Ac\u00e1 hay un permiso dado, sino nadie va a hablar. Est\u00e1n todos bajo el l\u00e1tigo de Karina&#8221;, deslizaron desde el entorno de la titular del Senado al hacer referencia al cruce por redes sociales que protagonizaron la ministra de Seguridad, Patricia Bullrich y Villaruel la semana pasada por la situaci\u00f3n del gendarme detenido en Venezuela.<\/p>\n\n\n\n<p>Estos ataques a la figura de la vice son una muestra de que lo que empez\u00f3 como cruces aislados con integrantes menores de la administraci\u00f3n liberal ahora se transform\u00f3 en &#8220;una guerra&#8221; que incluye a los principales alfiles de la c\u00fapula del Poder Ejecutivo.<\/p>\n\n\n\n<p>&#8220;Si logran sacar el pa\u00eds adelante, que ganen la batalla. Ahora, si nos tiran abajo del tren y no se salva el pa\u00eds; atajate Catalina. Victoria no lleg\u00f3 a la pol\u00edtica para matar el tiempo, sino para intentar cambiar las cosas&#8221;,&nbsp; sentenciaron a iProfesional desde el entorno de la titular del Senado.<\/p>\n\n\n\n<p>En tanto, la interna en las filas libertarias no se queda \u00fanicamente en el enfrentamiento del Presidente con su vice, sino que paulatinamente se est\u00e1n tejiendo otras escaramuzas que tienen como contendientes a la propia hermana del mandatario y su asesor estrella Santiago Caputo.<\/p>\n\n\n\n<p><strong>La interna inesperada: Karina M. Vs. Santiago C.<\/strong><\/p>\n\n\n\n<p>Tras la granada que se deton\u00f3 con la definici\u00f3n del influencer Daniel &#8220;El Gordo Dan&#8221; Parisini sobre convertirse en &#8220;el brazo armado&#8221; de La Libertad Avanza, la presidenta del partido a nivel nacional, Karina Milei, sali\u00f3 a marcarle la cancha a Santiago Caputo respecto de la impronta que deber\u00e1 tener la juventud libertaria, ya que considera que los tuiteros que responden al asesor presidencial &#8220;se mandan cagadas porque se sobregiran&#8221;.<\/p>\n\n\n\n<p>&#8220;A Karina no le gust\u00f3 lo que dijo el Dan, pero al Gobierno en general no le gust\u00f3&#8221;, indicaron ante este portal desde el entorno de la secretaria general de la Presidencia, quien desde hace tiempo viene advirtiendo sobre la actuaci\u00f3n de los j\u00f3venes tuiteros porque observa que &#8220;se hacen los bravos en redes y termina siendo contraproducente&#8221;.<\/p>\n\n\n\n<p>Seg\u00fan cont\u00f3 una fuente de su extrema confianza, el episodio que protagoniz\u00f3 Parisini durante la presentaci\u00f3n de la agrupaci\u00f3n &#8220;Las Fuerzas del Cielo&#8221; le molest\u00f3 much\u00edsimo a la hermana del Presidente, ya que termin\u00f3 generando pol\u00e9mica en un momento en que &#8220;la imagen del Gobierno est\u00e1 en alza y no era necesario hacer tanto ruido&#8221;.<\/p>\n\n\n\n<p>En los pasillos de Balcarce 50 aseguraron a iProfesional que Karina Milei &#8220;no va a poner en riesgo el armado partidario porque un grupo de pibes se hagan los pesados&#8221;, en una clara alusi\u00f3n al &#8220;ej\u00e9rcito de trolls que maneja Santiago&#8221; Caputo.<\/p>\n\n\n\n<p>&#8220;Lo hablamos varias veces con Santiago y le dijimos que se est\u00e1n peleando contra molinos de viento porque nosotros no estamos devolviendo los tiros. Es muy dif\u00edcil bajar la tensi\u00f3n porque las cr\u00edticas las operan en los medios, pero no vienen y lo plantean cara a cara&#8221;, cuestionaron desde el entorno mileista.<\/p>\n\n\n\n<p>Si bien reconocen la importancia del asesor estrella en el armado partidario que les permiti\u00f3 desembarcar en la Casa Rosada, consideraron que &#8220;hay errores que se cometen en virtud de que la oposici\u00f3n est\u00e1 hecha pelota y saben que las equivocaciones no terminan de hacer ruido&#8221;.<\/p>\n\n\n\n<p>&#8220;Santiago se mete en todo lados porque gan\u00f3 la gran batalla contra (el ex jefe de Gabinete) Nicol\u00e1s Posse. Todos ponen a Karina en un lugar de igualdad frente a Santiago y no es as\u00ed. El contra peso que \u00e9l ten\u00eda era Posse&#8221;, resumieron fuentes oficiales, quienes le restaron peso al llamado &#8220;tri\u00e1ngulo de hierro&#8221; que ambos formar\u00edan con el presidente Javier Milei y destacaron que &#8220;El Jefe no necesita salir a tomar posiciones porque todos tienen muy en claro el papel que desempe\u00f1a&#8221;.<\/p>\n","protected":false},"excerpt":{"rendered":"<p>Por Marina Devita para iProfesional.com A pesar de la euforia por el \u00e9xito del gobierno liberal en el control de algunas variables de la econom\u00eda, la interna entre el presidente&hellip; <\/p>\n","protected":false},"author":11,"featured_media":135209,"comment_status":"closed","ping_status":"open","sticky":false,"template":"","format":"standard","meta":{"footnotes":""},"categories":[10,3],"tags":[1130,108,1871,336,2444,2443],"class_list":["post-181550","post","type-post","status-publish","format-standard","has-post-thumbnail","hentry","category-nacionales","category-politica","tag-analisis","tag-interna","tag-karina-milei","tag-milei","tag-santiago-caputo","tag-villarrruel"],"_links":{"self":[{"href":"https:\/\/corrientesdetarde.com\/index.php\/wp-json\/wp\/v2\/posts\/181550","targetHints":{"allow":["GET"]}}],"collection":[{"href":"https:\/\/corrientesdetarde.com\/index.php\/wp-json\/wp\/v2\/posts"}],"about":[{"href":"https:\/\/corrientesdetarde.com\/index.php\/wp-json\/wp\/v2\/types\/post"}],"author":[{"embeddable":true,"href":"https:\/\/corrientesdetarde.com\/index.php\/wp-json\/wp\/v2\/users\/11"}],"replies":[{"embeddable":true,"href":"https:\/\/corrientesdetarde.com\/index.php\/wp-json\/wp\/v2\/comments?post=181550"}],"version-history":[{"count":2,"href":"https:\/\/corrientesdetarde.com\/index.php\/wp-json\/wp\/v2\/posts\/181550\/revisions"}],"predecessor-version":[{"id":181564,"href":"https:\/\/corrientesdetarde.com\/index.php\/wp-json\/wp\/v2\/posts\/181550\/revisions\/181564"}],"wp:featuredmedia":[{"embeddable":true,"href":"https:\/\/corrientesdetarde.com\/index.php\/wp-json\/wp\/v2\/media\/135209"}],"wp:attachment":[{"href":"https:\/\/corrientesdetarde.com\/index.php\/wp-json\/wp\/v2\/media?parent=181550"}],"wp:term":[{"taxonomy":"category","embeddable":true,"href":"https:\/\/corrientesdetarde.com\/index.php\/wp-json\/wp\/v2\/categories?post=181550"},{"taxonomy":"post_tag","embeddable":true,"href":"https:\/\/corrientesdetarde.com\/index.php\/wp-json\/wp\/v2\/tags?post=181550"}],"curies":[{"name":"wp","href":"https:\/\/api.w.org\/{rel}","templated":true}]}}