{"id":181591,"date":"2024-12-27T10:03:37","date_gmt":"2024-12-27T13:03:37","guid":{"rendered":"https:\/\/corrientesdetarde.com\/?p=181591"},"modified":"2024-12-27T10:04:04","modified_gmt":"2024-12-27T13:04:04","slug":"egresaron-217-nuevos-oficiales-subayudantes-de-la-policia-tecnicos-en-seguridad-publica-y-ciudadana","status":"publish","type":"post","link":"https:\/\/corrientesdetarde.com\/index.php\/eventos\/egresaron-217-nuevos-oficiales-subayudantes-de-la-policia-tecnicos-en-seguridad-publica-y-ciudadana\/","title":{"rendered":"Egresaron 217 nuevos oficiales subayudantes de la Polic\u00eda, T\u00e9cnicos en Seguridad P\u00fablica y Ciudadana"},"content":{"rendered":"\n<p>En horas de la tarde de hoy 26-12-24-, pasadas las 19:00 horas, en las instalaciones<br>del Instituto de Formaci\u00f3n policial Santa Catalina, se llev\u00f3 cabo el \u201cActo de Egreso de la<br>\u201cLII\u00b0 Promoci\u00f3n de Oficiales Subayudantes T\u00e9cnicos en Seguridad P\u00fablica y Ciudadana de<br>la Divisi\u00f3n Escuela de Polic\u00eda Gral. Jos\u00e9 Francisco de San Mart\u00edn\u201d del Instituto Superior de<br>Formaci\u00f3n Policial, quienes a partir de ahora formar\u00e1n parte del servicio efectivo de la<br>Polic\u00eda de Corrientes.<br>El Acto, estuvo presidido por el Sr. Gobernador de la Provincia de Corrientes Dr.<br>Gustavo Adolfo Valdes, el Sr. Jefe de Polic\u00eda, Crio. Gral. Lic. Miguel \u00c1ngel Leguizamon, el<br>Ministro de Seguridad Dr. Alfredo Vallejos, el Subsecretario de Seguridad Crio Gral \u00ae<br>Osvaldo De los Santos Garc\u00eda; encontr\u00e1ndose presentes tambi\u00e9n el Sr. Subjefe de Polic\u00eda<br>Crio. Gral. Walter Dario Aceval, otras Autoridades del Gobierno Provincial;<br>representantes del poder Judicial; Sres. Directores Generales integrantes del Estado<br>Mayor Policial, Representantes de Fuerza Armadas y de Seguridad Nacional y Provinciales,<br>Se\u00f1ores Ex Jefes y Ex Subjefes de la Polic\u00eda de Ctes., Sres. Directores, Jefes de Divisiones,<br>Jefes de Unidades Especiales, Jefes de Comisar\u00edas del \u00e1rea Capital, Se\u00f1ores Presidentes<br>del Circulo de Oficiales y del Circulo de Suboficiales de la Polic\u00eda de Corrientes, el capell\u00e1n<br>de la Instituci\u00f3n Policial Pbro. Guillermo Danuzo, Se\u00f1ores Profesores del Instituto<br>Superior de Formaci\u00f3n Policial; Personal Superior y Subalterno de la Instituci\u00f3n Policial en<br>actividad y en situaci\u00f3n de retiro, invitados especiales, familiares, medios de prensa y<br>p\u00fablico en general.<\/p>\n\n\n\n<figure class=\"wp-block-image size-large\"><img loading=\"lazy\" decoding=\"async\" width=\"1024\" height=\"698\" src=\"https:\/\/corrientesdetarde.com\/wp-content\/uploads\/2024\/12\/image-1213-1024x698.png\" alt=\"\" class=\"wp-image-181597\" srcset=\"https:\/\/corrientesdetarde.com\/wp-content\/uploads\/2024\/12\/image-1213-1024x698.png 1024w, https:\/\/corrientesdetarde.com\/wp-content\/uploads\/2024\/12\/image-1213-300x204.png 300w, https:\/\/corrientesdetarde.com\/wp-content\/uploads\/2024\/12\/image-1213-768x524.png 768w, https:\/\/corrientesdetarde.com\/wp-content\/uploads\/2024\/12\/image-1213.png 1112w\" sizes=\"auto, (max-width: 1024px) 100vw, 1024px\" \/><\/figure>\n\n\n\n<figure class=\"wp-block-image size-large\"><img loading=\"lazy\" decoding=\"async\" width=\"1024\" height=\"682\" src=\"https:\/\/corrientesdetarde.com\/wp-content\/uploads\/2024\/12\/image-1210-1024x682.png\" alt=\"\" class=\"wp-image-181594\" srcset=\"https:\/\/corrientesdetarde.com\/wp-content\/uploads\/2024\/12\/image-1210-1024x682.png 1024w, https:\/\/corrientesdetarde.com\/wp-content\/uploads\/2024\/12\/image-1210-300x200.png 300w, https:\/\/corrientesdetarde.com\/wp-content\/uploads\/2024\/12\/image-1210-768x511.png 768w, https:\/\/corrientesdetarde.com\/wp-content\/uploads\/2024\/12\/image-1210.png 1056w\" sizes=\"auto, (max-width: 1024px) 100vw, 1024px\" \/><\/figure>\n\n\n\n<figure class=\"wp-block-image size-large\"><img loading=\"lazy\" decoding=\"async\" width=\"1024\" height=\"470\" src=\"https:\/\/corrientesdetarde.com\/wp-content\/uploads\/2024\/12\/image-1211-1024x470.png\" alt=\"\" class=\"wp-image-181595\" srcset=\"https:\/\/corrientesdetarde.com\/wp-content\/uploads\/2024\/12\/image-1211-1024x470.png 1024w, https:\/\/corrientesdetarde.com\/wp-content\/uploads\/2024\/12\/image-1211-300x138.png 300w, https:\/\/corrientesdetarde.com\/wp-content\/uploads\/2024\/12\/image-1211-768x353.png 768w, https:\/\/corrientesdetarde.com\/wp-content\/uploads\/2024\/12\/image-1211-1536x705.png 1536w, https:\/\/corrientesdetarde.com\/wp-content\/uploads\/2024\/12\/image-1211.png 1548w\" sizes=\"auto, (max-width: 1024px) 100vw, 1024px\" \/><\/figure>\n\n\n\n<figure class=\"wp-block-image size-large\"><img loading=\"lazy\" decoding=\"async\" width=\"1024\" height=\"674\" src=\"https:\/\/corrientesdetarde.com\/wp-content\/uploads\/2024\/12\/image-1212-1024x674.png\" alt=\"\" class=\"wp-image-181596\" srcset=\"https:\/\/corrientesdetarde.com\/wp-content\/uploads\/2024\/12\/image-1212-1024x674.png 1024w, https:\/\/corrientesdetarde.com\/wp-content\/uploads\/2024\/12\/image-1212-300x197.png 300w, https:\/\/corrientesdetarde.com\/wp-content\/uploads\/2024\/12\/image-1212-768x506.png 768w, https:\/\/corrientesdetarde.com\/wp-content\/uploads\/2024\/12\/image-1212.png 1103w\" sizes=\"auto, (max-width: 1024px) 100vw, 1024px\" \/><\/figure>\n\n\n\n<p><br>En la oportunidad, egresaron 217 nuevos Oficiales Subayudantes T\u00e9cnicos en<br>Seguridad P\u00fablica y Ciudadana, a quienes se les hizo entrega de los respectivos<br>\u201cDespachos y Sables\u201d y adem\u00e1s, recibieron premios y distinciones los Oficiales m\u00e1s<br>destacados de la promoci\u00f3n, que durante cuatro a\u00f1os de intensa preparaci\u00f3n integral de<br>formaci\u00f3n acad\u00e9mica han cumplido con las exigencias previstas para ser un profesional<br>en el \u00e1rea de la seguridad conforme al nuevo plan de estudio dispuesto oportunamente.<br>Para finalizar primeramente se dirigi\u00f3 a los presentes el Sr. Jefe de Polic\u00eda, quien<br>resalt\u00f3 la importancia del egreso de los flamantes oficiales de polic\u00eda, y les dese\u00f3 \u00e9xito en<br>esta nueva etapa, que cada acci\u00f3n, cada decisi\u00f3n y cada palabra est\u00e9 guiada por los<br>valores que han aprendido aqu\u00ed y sobre todo bajo la protecci\u00f3n de Dios; haciendo luego<br>lo propio, el Sr. Ministro de Seguridad consider\u00f3 que la formaci\u00f3n en la escuela de Polic\u00eda<br>es calve para garantizar funcionarios policiales capacitados, comprometidos y preparados<br>para proteger y servir a nuestra comunidad, y por \u00faltimo el Gobernador de la Provincia de<\/p>\n\n\n\n<p>Corrientes, felicit\u00f3 a los flamantes egresados y agradeci\u00f3 a sus familiares por la entrega y<br>acompa\u00f1amiento, destacando a su vez el valor que significa la incorporaci\u00f3n de los<br>nuevos oficiales a la Instituci\u00f3n policial que redundar\u00e1 en pos de la seguridad p\u00fablica,<br>inst\u00e1ndolos a continuar con su capacitaci\u00f3n profesional en busca de una polic\u00eda m\u00e1s<br>moderna.<\/p>\n","protected":false},"excerpt":{"rendered":"<p>En horas de la tarde de hoy 26-12-24-, pasadas las 19:00 horas, en las instalacionesdel Instituto de Formaci\u00f3n policial Santa Catalina, se llev\u00f3 cabo el \u201cActo de Egreso de la\u201cLII\u00b0&hellip; <\/p>\n","protected":false},"author":1,"featured_media":181598,"comment_status":"closed","ping_status":"open","sticky":false,"template":"","format":"standard","meta":{"footnotes":""},"categories":[22],"tags":[],"class_list":["post-181591","post","type-post","status-publish","format-standard","has-post-thumbnail","hentry","category-eventos"],"_links":{"self":[{"href":"https:\/\/corrientesdetarde.com\/index.php\/wp-json\/wp\/v2\/posts\/181591","targetHints":{"allow":["GET"]}}],"collection":[{"href":"https:\/\/corrientesdetarde.com\/index.php\/wp-json\/wp\/v2\/posts"}],"about":[{"href":"https:\/\/corrientesdetarde.com\/index.php\/wp-json\/wp\/v2\/types\/post"}],"author":[{"embeddable":true,"href":"https:\/\/corrientesdetarde.com\/index.php\/wp-json\/wp\/v2\/users\/1"}],"replies":[{"embeddable":true,"href":"https:\/\/corrientesdetarde.com\/index.php\/wp-json\/wp\/v2\/comments?post=181591"}],"version-history":[{"count":1,"href":"https:\/\/corrientesdetarde.com\/index.php\/wp-json\/wp\/v2\/posts\/181591\/revisions"}],"predecessor-version":[{"id":181599,"href":"https:\/\/corrientesdetarde.com\/index.php\/wp-json\/wp\/v2\/posts\/181591\/revisions\/181599"}],"wp:featuredmedia":[{"embeddable":true,"href":"https:\/\/corrientesdetarde.com\/index.php\/wp-json\/wp\/v2\/media\/181598"}],"wp:attachment":[{"href":"https:\/\/corrientesdetarde.com\/index.php\/wp-json\/wp\/v2\/media?parent=181591"}],"wp:term":[{"taxonomy":"category","embeddable":true,"href":"https:\/\/corrientesdetarde.com\/index.php\/wp-json\/wp\/v2\/categories?post=181591"},{"taxonomy":"post_tag","embeddable":true,"href":"https:\/\/corrientesdetarde.com\/index.php\/wp-json\/wp\/v2\/tags?post=181591"}],"curies":[{"name":"wp","href":"https:\/\/api.w.org\/{rel}","templated":true}]}}