{"id":181612,"date":"2024-12-27T16:12:15","date_gmt":"2024-12-27T19:12:15","guid":{"rendered":"https:\/\/corrientesdetarde.com\/?p=181612"},"modified":"2024-12-27T16:12:16","modified_gmt":"2024-12-27T19:12:16","slug":"provincia-licito-la-pavimentacion-de-la-ruta-99-que-une-la-autovia-5-con-santa-ana","status":"publish","type":"post","link":"https:\/\/corrientesdetarde.com\/index.php\/informacion-general\/provincia-licito-la-pavimentacion-de-la-ruta-99-que-une-la-autovia-5-con-santa-ana\/","title":{"rendered":"Provincia licit\u00f3 la pavimentaci\u00f3n de la ruta 99, que une la Autov\u00eda 5 con Santa Ana"},"content":{"rendered":"\n<p>La apertura de ofertas tuvo lugar en la Sala de Situaciones del Ministerio de Obras y Servicios P\u00fablicos, con la presencia del subsecretario de dicha cartera, Antonio Portel, el director de Asuntos Jur\u00eddicos y Administrativos, Daniel Villar, el director de Administraci\u00f3n y Desembolso de la Unidad Ejecutora UCAPFI , Cristian Insaurralde y representantes de las empresas oferentes. La fiscalizaci\u00f3n estuvo a cargo de la escribana de Gobierno, Mar\u00eda Constanza Lotero.<\/p>\n\n\n\n<p><\/p>\n\n\n\n<p>En dicho tramo vial de alrededor de 4.450 metros se ejecutar\u00e1n adem\u00e1s de la correspondiente pavimentaci\u00f3n, obras de adecuaci\u00f3n hidr\u00e1ulica, se\u00f1alizaci\u00f3n horizontal, se\u00f1alamiento vertical, y alumbrado p\u00fablico.<\/p>\n\n\n\n<figure class=\"wp-block-image\"><img decoding=\"async\" src=\"https:\/\/www.radiodos.com.ar\/content\/bucket\/2\/252662w790h526c.jpg.webp\" alt=\"\"\/><\/figure>\n\n\n\n<p>De acuerdo con las caracter\u00edsticas del tr\u00e1nsito de la zona y al nivel de urbanizaci\u00f3n existente y futuro, se opt\u00f3 una v\u00eda bidireccional, que tendr\u00e1 un ancho de calzada de 7 metros, con banquinas pavimentadas &nbsp;de 1,5 metros, siendo la faja de emplazamiento t\u00edpico de 24 metros total con perfiles normalizados que aseguren &nbsp;la continuidad de las calzadas. Tambi\u00e9n est\u00e1 previsto un sistema de alcantarillado para el adecuado escurrimiento pluvial en la zona.<\/p>\n\n\n\n<p>Desde el punto de vista del equipamiento y seguridad, contar\u00e1 con el se\u00f1alamiento horizontal y vertical correspondiente, de acuerdo a la normativa vigente y d\u00e1rsenas de estacionamiento de servicio de transporte p\u00fablico.<\/p>\n\n\n\n<p>Cabe destacar que esta obra tiene por objeto mejorar la infraestructura de pavimentos de la red vial de la ciudad de Corrientes, como aporte al desarrollo metropolitano y a la integraci\u00f3n de las distintas \u00e1reas a consolidar que posee la ciudad.<\/p>\n","protected":false},"excerpt":{"rendered":"<p>La apertura de ofertas tuvo lugar en la Sala de Situaciones del Ministerio de Obras y Servicios P\u00fablicos, con la presencia del subsecretario de dicha cartera, Antonio Portel, el director&hellip; <\/p>\n","protected":false},"author":1,"featured_media":181625,"comment_status":"closed","ping_status":"open","sticky":false,"template":"","format":"standard","meta":{"footnotes":""},"categories":[1],"tags":[],"class_list":["post-181612","post","type-post","status-publish","format-standard","has-post-thumbnail","hentry","category-informacion-general"],"_links":{"self":[{"href":"https:\/\/corrientesdetarde.com\/index.php\/wp-json\/wp\/v2\/posts\/181612","targetHints":{"allow":["GET"]}}],"collection":[{"href":"https:\/\/corrientesdetarde.com\/index.php\/wp-json\/wp\/v2\/posts"}],"about":[{"href":"https:\/\/corrientesdetarde.com\/index.php\/wp-json\/wp\/v2\/types\/post"}],"author":[{"embeddable":true,"href":"https:\/\/corrientesdetarde.com\/index.php\/wp-json\/wp\/v2\/users\/1"}],"replies":[{"embeddable":true,"href":"https:\/\/corrientesdetarde.com\/index.php\/wp-json\/wp\/v2\/comments?post=181612"}],"version-history":[{"count":1,"href":"https:\/\/corrientesdetarde.com\/index.php\/wp-json\/wp\/v2\/posts\/181612\/revisions"}],"predecessor-version":[{"id":181626,"href":"https:\/\/corrientesdetarde.com\/index.php\/wp-json\/wp\/v2\/posts\/181612\/revisions\/181626"}],"wp:featuredmedia":[{"embeddable":true,"href":"https:\/\/corrientesdetarde.com\/index.php\/wp-json\/wp\/v2\/media\/181625"}],"wp:attachment":[{"href":"https:\/\/corrientesdetarde.com\/index.php\/wp-json\/wp\/v2\/media?parent=181612"}],"wp:term":[{"taxonomy":"category","embeddable":true,"href":"https:\/\/corrientesdetarde.com\/index.php\/wp-json\/wp\/v2\/categories?post=181612"},{"taxonomy":"post_tag","embeddable":true,"href":"https:\/\/corrientesdetarde.com\/index.php\/wp-json\/wp\/v2\/tags?post=181612"}],"curies":[{"name":"wp","href":"https:\/\/api.w.org\/{rel}","templated":true}]}}