{"id":181620,"date":"2024-12-27T16:13:29","date_gmt":"2024-12-27T19:13:29","guid":{"rendered":"https:\/\/corrientesdetarde.com\/?p=181620"},"modified":"2024-12-27T16:13:33","modified_gmt":"2024-12-27T19:13:33","slug":"la-provincia-de-corrientes-impulsa-el-turismo-con-los-caminos-del-carnaval","status":"publish","type":"post","link":"https:\/\/corrientesdetarde.com\/index.php\/eventos\/la-provincia-de-corrientes-impulsa-el-turismo-con-los-caminos-del-carnaval\/","title":{"rendered":"La Provincia de Corrientes impulsa el turismo con &#8220;Los Caminos del Carnaval&#8221;"},"content":{"rendered":"\n<p>Corrientes, la &#8220;Capital Nacional del Carnaval&#8221; invita a una propuesta comienza el pr\u00f3ximo 11 de enero en la localidad de Ituzaing\u00f3, culminando el 3 de marzo en la ciudad de Corrientes. Esta iniciativa busca celebrar la identidad cultural y en esta temporada que atrae a visitantes de toda la regi\u00f3n y el pa\u00eds.<\/p>\n\n\n\n<p><\/p>\n\n\n\n<p>El Gobierno de la Provincia de Corrientes, en un esfuerzo conjunto con distintos municipios, refuerza su compromiso con el desarrollo de las comunidades a trav\u00e9s de la promoci\u00f3n del turismo y la cultura. En el marco de la temporada alta de verano, se anuncia el lanzamiento de &#8220;Los Caminos del Carnaval&#8221;, un evento que promete llenar de color y m\u00fasica los rincones de la provincia.<\/p>\n\n\n\n<p>La propuesta comienza el pr\u00f3ximo 11 de enero en la localidad de Ituzaing\u00f3, que ser\u00e1 la primera en abrir las puertas a esta gran fiesta. Una semana despu\u00e9s, el 18 de enero, Bella Vista tomar\u00e1 el protagonismo, deslumbrando con su creatividad y tradici\u00f3n, en tanto el 25 de enero, Goya se sumar\u00e1 al circuito.<\/p>\n\n\n\n<p>En febrero, la pasi\u00f3n carnavalera se trasladar\u00e1 a Curuz\u00fa Cuati\u00e1 el d\u00eda 1ro. de febrero con la inauguraci\u00f3n del cors\u00f3dromo. Esquina se suma el d\u00eda 8, seguida por Monte Caseros, que celebrar\u00e1 el 14 de febrero. Finalmente, el 15 de febrero, Santo Tom\u00e9 cerrar\u00e1 esta etapa del recorrido en los municipios.<\/p>\n\n\n\n<p>La culminaci\u00f3n del recorrido se llevar\u00e1 a cabo en la ciudad de Corrientes el 3 de marzo, consolidando a la provincia como el epicentro de una de las festividades m\u00e1s importantes del pa\u00eds.<\/p>\n\n\n\n<p>La ministra de Turismo Alejandra Eliciri destac\u00f3 que esta iniciativa no s\u00f3lo impulsa el turismo, sino que \u201ctambi\u00e9n fortalece las econom\u00edas locales y enriquece nuestra identidad cultural. Trabajamos junto a los municipios para asegurar que cada comunidad se beneficie de esta gran fiesta.&#8221;<\/p>\n\n\n\n<p>&#8220;Los Caminos del Carnaval\u201d atrae turistas de todo el pa\u00eds y fomenta el sentido de pertenencia en los habitantes, consolidando a Corrientes como un destino imperdible este verano.<\/p>\n","protected":false},"excerpt":{"rendered":"<p>Corrientes, la &#8220;Capital Nacional del Carnaval&#8221; invita a una propuesta comienza el pr\u00f3ximo 11 de enero en la localidad de Ituzaing\u00f3, culminando el 3 de marzo en la ciudad de&hellip; <\/p>\n","protected":false},"author":1,"featured_media":181629,"comment_status":"closed","ping_status":"open","sticky":false,"template":"","format":"standard","meta":{"footnotes":""},"categories":[22],"tags":[],"class_list":["post-181620","post","type-post","status-publish","format-standard","has-post-thumbnail","hentry","category-eventos"],"_links":{"self":[{"href":"https:\/\/corrientesdetarde.com\/index.php\/wp-json\/wp\/v2\/posts\/181620","targetHints":{"allow":["GET"]}}],"collection":[{"href":"https:\/\/corrientesdetarde.com\/index.php\/wp-json\/wp\/v2\/posts"}],"about":[{"href":"https:\/\/corrientesdetarde.com\/index.php\/wp-json\/wp\/v2\/types\/post"}],"author":[{"embeddable":true,"href":"https:\/\/corrientesdetarde.com\/index.php\/wp-json\/wp\/v2\/users\/1"}],"replies":[{"embeddable":true,"href":"https:\/\/corrientesdetarde.com\/index.php\/wp-json\/wp\/v2\/comments?post=181620"}],"version-history":[{"count":1,"href":"https:\/\/corrientesdetarde.com\/index.php\/wp-json\/wp\/v2\/posts\/181620\/revisions"}],"predecessor-version":[{"id":181630,"href":"https:\/\/corrientesdetarde.com\/index.php\/wp-json\/wp\/v2\/posts\/181620\/revisions\/181630"}],"wp:featuredmedia":[{"embeddable":true,"href":"https:\/\/corrientesdetarde.com\/index.php\/wp-json\/wp\/v2\/media\/181629"}],"wp:attachment":[{"href":"https:\/\/corrientesdetarde.com\/index.php\/wp-json\/wp\/v2\/media?parent=181620"}],"wp:term":[{"taxonomy":"category","embeddable":true,"href":"https:\/\/corrientesdetarde.com\/index.php\/wp-json\/wp\/v2\/categories?post=181620"},{"taxonomy":"post_tag","embeddable":true,"href":"https:\/\/corrientesdetarde.com\/index.php\/wp-json\/wp\/v2\/tags?post=181620"}],"curies":[{"name":"wp","href":"https:\/\/api.w.org\/{rel}","templated":true}]}}