{"id":181773,"date":"2024-12-28T11:01:20","date_gmt":"2024-12-28T14:01:20","guid":{"rendered":"https:\/\/corrientesdetarde.com\/?p=181773"},"modified":"2024-12-28T11:01:21","modified_gmt":"2024-12-28T14:01:21","slug":"ferreyra-al-mundial-escolar-2025","status":"publish","type":"post","link":"https:\/\/corrientesdetarde.com\/index.php\/deportes\/ferreyra-al-mundial-escolar-2025\/","title":{"rendered":"Ferreyra, al Mundial Escolar 2025"},"content":{"rendered":"\n<p>El gran presente de la joven nadadora del Club de Regatas Corrientes, Tania Ferreyra, por ahora no tiene techo, y en una nueva gran noticia fue convocada para competir en el ISF U15 Gymnasiada 2025 a disputarse en Zlatibor, Serbia.<\/p>\n\n\n\n<p>El evento est\u00e1 organizado por la Federaci\u00f3n Internacional de Deportes Escolares (ISF) y la convocatoria para la correntina lleg\u00f3 por medio de la Confederaci\u00f3n Argentina de Deportes Acu\u00e1ticos (CADDA) y la Federaci\u00f3n Argentina de Deporte Escolar (FADE).<\/p>\n\n\n\n<p>La competencia se celebrar\u00e1 en el pa\u00eds europeo entre el 4 y el 13 de abril del pr\u00f3ximo a\u00f1o y adem\u00e1s de nataci\u00f3n contar\u00e1 con los mejores deportistas j\u00f3venes en otras 34 disciplinas diferentes.<\/p>\n\n\n\n<p>Este evento, conocido en el mundo de la nataci\u00f3n como el Mundial escolar, goza de un excelente nivel competitivo, ya que, en ediciones anteriores, se ha participado junto a las grandes potencias mundiales de este deporte.<\/p>\n\n\n\n<p>En esta edici\u00f3n se considera a los nacidos en 2010 y 2011, seleccionado a seis participantes femeninos y seis masculinos que cubrir\u00edan el programa completo, independientemente que pueden participar en m\u00e1s de una prueba cada uno.<\/p>\n\n\n\n<p>Ferreyra, nacida en 2010, entr\u00f3 en la consideraci\u00f3n tras sus buenas participaciones con la Selecci\u00f3n Argentina en los \u00faltimos torneos internacionales, como el Torneo Chico Piscinina en Mococa, Brasil, o el Sudamericano Escolar 2024 disputado en Bucaramanga, Colombia.\u00a0<\/p>\n","protected":false},"excerpt":{"rendered":"<p>El gran presente de la joven nadadora del Club de Regatas Corrientes, Tania Ferreyra, por ahora no tiene techo, y en una nueva gran noticia fue convocada para competir en&hellip; <\/p>\n","protected":false},"author":3,"featured_media":181780,"comment_status":"closed","ping_status":"open","sticky":false,"template":"","format":"standard","meta":{"footnotes":""},"categories":[4],"tags":[],"class_list":["post-181773","post","type-post","status-publish","format-standard","has-post-thumbnail","hentry","category-deportes"],"_links":{"self":[{"href":"https:\/\/corrientesdetarde.com\/index.php\/wp-json\/wp\/v2\/posts\/181773","targetHints":{"allow":["GET"]}}],"collection":[{"href":"https:\/\/corrientesdetarde.com\/index.php\/wp-json\/wp\/v2\/posts"}],"about":[{"href":"https:\/\/corrientesdetarde.com\/index.php\/wp-json\/wp\/v2\/types\/post"}],"author":[{"embeddable":true,"href":"https:\/\/corrientesdetarde.com\/index.php\/wp-json\/wp\/v2\/users\/3"}],"replies":[{"embeddable":true,"href":"https:\/\/corrientesdetarde.com\/index.php\/wp-json\/wp\/v2\/comments?post=181773"}],"version-history":[{"count":1,"href":"https:\/\/corrientesdetarde.com\/index.php\/wp-json\/wp\/v2\/posts\/181773\/revisions"}],"predecessor-version":[{"id":181798,"href":"https:\/\/corrientesdetarde.com\/index.php\/wp-json\/wp\/v2\/posts\/181773\/revisions\/181798"}],"wp:featuredmedia":[{"embeddable":true,"href":"https:\/\/corrientesdetarde.com\/index.php\/wp-json\/wp\/v2\/media\/181780"}],"wp:attachment":[{"href":"https:\/\/corrientesdetarde.com\/index.php\/wp-json\/wp\/v2\/media?parent=181773"}],"wp:term":[{"taxonomy":"category","embeddable":true,"href":"https:\/\/corrientesdetarde.com\/index.php\/wp-json\/wp\/v2\/categories?post=181773"},{"taxonomy":"post_tag","embeddable":true,"href":"https:\/\/corrientesdetarde.com\/index.php\/wp-json\/wp\/v2\/tags?post=181773"}],"curies":[{"name":"wp","href":"https:\/\/api.w.org\/{rel}","templated":true}]}}