{"id":181803,"date":"2024-12-28T14:47:16","date_gmt":"2024-12-28T17:47:16","guid":{"rendered":"https:\/\/corrientesdetarde.com\/?p=181803"},"modified":"2024-12-28T14:48:02","modified_gmt":"2024-12-28T17:48:02","slug":"kicillof-acusa-a-milei-de-querer-fundir-a-la-provincia-de-buenos-aires","status":"publish","type":"post","link":"https:\/\/corrientesdetarde.com\/index.php\/informacion-general\/kicillof-acusa-a-milei-de-querer-fundir-a-la-provincia-de-buenos-aires\/","title":{"rendered":"KICILLOF ACUSA A MILEI DE QUERER FUNDIR A LA PROVINCIA DE BUENOS AIRES"},"content":{"rendered":"\n<p>(Corresponsal\u00eda Buenos Aires) &#8211; El gobernador bonaerense, Axel Kicillof, lanz\u00f3 duras cr\u00edticas contra el presidente Javier Milei y la oposici\u00f3n tras el fracaso en la Legislatura provincial para aprobar el Presupuesto 2025. Seg\u00fan el mandatario, Milei &#8220;tiene particular sa\u00f1a en fundir a la provincia de Buenos Aires&#8221; y asegur\u00f3 que no permitir\u00e1 que se quiebre el distrito m\u00e1s importante del pa\u00eds.<\/p>\n\n\n\n<p>&#8220;Fue un golpe directo a la provincia&#8221;, afirm\u00f3 Kicillof en di\u00e1logo con Radio 10 este s\u00e1bado, se\u00f1alando al presidente como el principal responsable del ajuste que afecta a las provincias. &#8220;La l\u00f3gica de Milei es atacar, desfinanciar y despu\u00e9s pedir que firmen bajo extorsi\u00f3n. Yo no voy a entrar en ese juego&#8221;, remarc\u00f3 enf\u00e1ticamente.<br>Kicillof explic\u00f3 que el Presupuesto 2025 hab\u00eda sido dise\u00f1ado para priorizar \u00e1reas clave como salud, educaci\u00f3n, seguridad, producci\u00f3n y trabajo, y que contemplaba recursos esenciales para los municipios bonaerenses. &#8220;Era un presupuesto progresivo, orientado a cobrarle m\u00e1s a los que m\u00e1s tienen y garantizar recursos para quienes m\u00e1s lo necesitan. Milei lo dej\u00f3 en un limbo&#8221;, asegur\u00f3.<\/p>\n\n\n\n<p>El gobernador tambi\u00e9n se\u00f1al\u00f3 que la ley de endeudamiento asociada al proyecto solo buscaba refinanciar vencimientos, descartando cualquier intenci\u00f3n de aumentar la carga financiera de la provincia. &#8220;No marcaba m\u00e1s carga para nadie, pero claramente la oposici\u00f3n prefiri\u00f3 paralizar la gesti\u00f3n de la Provincia en lugar de trabajar por los bonaerenses&#8221;, afirm\u00f3.<br>Desde el oficialismo denunciaron que el rechazo del Presupuesto forma parte de una estrategia pol\u00edtica de la oposici\u00f3n para &#8220;ahorcar financieramente&#8221; a la provincia, agravando la situaci\u00f3n econ\u00f3mica que atraviesan los bonaerenses. &#8220;Presentamos todo en tiempo y forma, y nunca hubo observaciones. Este fracaso es una decisi\u00f3n pol\u00edtica para atacar a la Provincia&#8221;, sostuvo Kicillof.<\/p>\n\n\n\n<p>En respuesta al fracaso legislativo, el bloque de Uni\u00f3n por la Patria anunci\u00f3 la conformaci\u00f3n de una mesa de trabajo con la oposici\u00f3n y el Poder Ejecutivo para intentar destrabar las negociaciones durante enero y avanzar en febrero con el paquete de medidas. Sin embargo, Kicillof advirti\u00f3 que no tolerar\u00e1 maniobras dilatorias. &#8220;No voy a permitir que quiebren la provincia de Buenos Aires&#8221;, reiter\u00f3.<br>El conflicto en torno al Presupuesto bonaerense trasciende los l\u00edmites provinciales y refleja la creciente tensi\u00f3n entre el gobierno de Kicillof y la administraci\u00f3n de Javier Milei. Mientras el presidente impulsa un ajuste fiscal a nivel nacional, Kicillof denuncia que estas pol\u00edticas buscan desfinanciar a las provincias y afectar directamente a los sectores m\u00e1s vulnerables.<\/p>\n\n\n\n<p>&#8220;El ataque a Buenos Aires no es casualidad. Milei tiene una obsesi\u00f3n con nuestra provincia porque sabe que es el coraz\u00f3n productivo del pa\u00eds. Pero no voy a ceder&#8221;, concluy\u00f3 el gobernador, dejando claro que est\u00e1 dispuesto a dar la batalla pol\u00edtica para defender los intereses de los bonaerenses.<\/p>\n","protected":false},"excerpt":{"rendered":"<p>(Corresponsal\u00eda Buenos Aires) &#8211; El gobernador bonaerense, Axel Kicillof, lanz\u00f3 duras cr\u00edticas contra el presidente Javier Milei y la oposici\u00f3n tras el fracaso en la Legislatura provincial para aprobar el&hellip; <\/p>\n","protected":false},"author":11,"featured_media":181804,"comment_status":"closed","ping_status":"open","sticky":false,"template":"","format":"standard","meta":{"footnotes":""},"categories":[1,3],"tags":[],"class_list":["post-181803","post","type-post","status-publish","format-standard","has-post-thumbnail","hentry","category-informacion-general","category-politica"],"_links":{"self":[{"href":"https:\/\/corrientesdetarde.com\/index.php\/wp-json\/wp\/v2\/posts\/181803","targetHints":{"allow":["GET"]}}],"collection":[{"href":"https:\/\/corrientesdetarde.com\/index.php\/wp-json\/wp\/v2\/posts"}],"about":[{"href":"https:\/\/corrientesdetarde.com\/index.php\/wp-json\/wp\/v2\/types\/post"}],"author":[{"embeddable":true,"href":"https:\/\/corrientesdetarde.com\/index.php\/wp-json\/wp\/v2\/users\/11"}],"replies":[{"embeddable":true,"href":"https:\/\/corrientesdetarde.com\/index.php\/wp-json\/wp\/v2\/comments?post=181803"}],"version-history":[{"count":1,"href":"https:\/\/corrientesdetarde.com\/index.php\/wp-json\/wp\/v2\/posts\/181803\/revisions"}],"predecessor-version":[{"id":181805,"href":"https:\/\/corrientesdetarde.com\/index.php\/wp-json\/wp\/v2\/posts\/181803\/revisions\/181805"}],"wp:featuredmedia":[{"embeddable":true,"href":"https:\/\/corrientesdetarde.com\/index.php\/wp-json\/wp\/v2\/media\/181804"}],"wp:attachment":[{"href":"https:\/\/corrientesdetarde.com\/index.php\/wp-json\/wp\/v2\/media?parent=181803"}],"wp:term":[{"taxonomy":"category","embeddable":true,"href":"https:\/\/corrientesdetarde.com\/index.php\/wp-json\/wp\/v2\/categories?post=181803"},{"taxonomy":"post_tag","embeddable":true,"href":"https:\/\/corrientesdetarde.com\/index.php\/wp-json\/wp\/v2\/tags?post=181803"}],"curies":[{"name":"wp","href":"https:\/\/api.w.org\/{rel}","templated":true}]}}