{"id":181809,"date":"2024-12-28T15:13:02","date_gmt":"2024-12-28T18:13:02","guid":{"rendered":"https:\/\/corrientesdetarde.com\/?p=181809"},"modified":"2024-12-28T15:13:18","modified_gmt":"2024-12-28T18:13:18","slug":"el-jefe-de-gabinete-se-prepara-para-ser-candidato-libertario","status":"publish","type":"post","link":"https:\/\/corrientesdetarde.com\/index.php\/politica\/el-jefe-de-gabinete-se-prepara-para-ser-candidato-libertario\/","title":{"rendered":"EL JEFE DE GABINETE SE PREPARA PARA SER CANDIDATO LIBERTARIO"},"content":{"rendered":"\n<p>(Correspnsal\u00eda Buenos Aires) &#8211; Seg\u00fan un informe de la Agencia NOVA, Guillermo Francos, actual jefe de Gabinete del presidente Javier Milei, podr\u00eda dar un salto hacia las elecciones legislativas del 2025 como aspirante a diputado nacional por La Libertad Avanza (LLA). Este movimiento lo colocar\u00eda en una posici\u00f3n clave dentro del armado pol\u00edtico del oficialismo.<\/p>\n\n\n\n<p>Mientras se acercan los comicios, LLA, el partido liderado por Milei, afina su estrategia para consolidar su presencia en el Congreso. Aunque no hay confirmaci\u00f3n oficial, los rumores sobre la posible candidatura de Francos han crecido en las \u00faltimas semanas, destacando su perfil t\u00e9cnico y experiencia en gesti\u00f3n financiera como fortalezas para captar el electorado moderado en la provincia de Buenos Aires.<\/p>\n\n\n\n<p>Francos, reconocido por su rol protag\u00f3nico en la implementaci\u00f3n de reformas estructurales dentro del Gobierno, podr\u00eda representar una carta fuerte en el armado libertario. Sin embargo, LLA tambi\u00e9n eval\u00faa otras opciones para diversificar su oferta electoral. Entre estas, seg\u00fan NOVA, aparece el nombre de Daniel Parisini, conocido como &#8220;El Gordo Dan&#8221;, un influyente en redes sociales con gran conexi\u00f3n con las bases libertarias.<\/p>\n\n\n\n<p>Para analistas consultados por NOVA, esta diversidad de perfiles podr\u00eda responder a un intento del oficialismo por equilibrar su llegada a diferentes sectores del electorado. Mientras Francos encarna un enfoque m\u00e1s t\u00e9cnico y orientado a la gesti\u00f3n, figuras como &#8220;El Gordo Dan&#8221; apelan a un estilo directo y popular, clave para movilizar a la base dura de LLA.<\/p>\n\n\n\n<p>Por otra parte, el desempe\u00f1o de Francos en el Gabinete, junto con las decisiones estrat\u00e9gicas de Milei respecto a las listas, ser\u00e1n determinantes para definir su inclusi\u00f3n como uno de los nombres principales del espacio en la provincia de Buenos Aires.<\/p>\n\n\n\n<p>De cara al a\u00f1o electoral, La Libertad Avanza enfrenta el desaf\u00edo de consolidar su presencia en el Congreso y proyectar un mensaje que atraiga tanto a su electorado tradicional como a nuevos votantes. En ese marco, la figura de Francos podr\u00eda jugar un rol decisivo en el principal distrito electoral del pa\u00eds.<\/p>\n\n\n\n<p>Con la mira puesta en los pr\u00f3ximos meses, el oficialismo deber\u00e1 equilibrar su estrategia entre el tecnicismo de Francos y la popularidad de otras figuras, buscando captar sectores clave del electorado. Todo indica que el 2025 ser\u00e1 un a\u00f1o de definiciones cruciales para LLA y para el futuro pol\u00edtico de sus principales referentes.<\/p>\n","protected":false},"excerpt":{"rendered":"<p>(Correspnsal\u00eda Buenos Aires) &#8211; Seg\u00fan un informe de la Agencia NOVA, Guillermo Francos, actual jefe de Gabinete del presidente Javier Milei, podr\u00eda dar un salto hacia las elecciones legislativas del&hellip; <\/p>\n","protected":false},"author":11,"featured_media":166407,"comment_status":"closed","ping_status":"open","sticky":false,"template":"","format":"standard","meta":{"footnotes":""},"categories":[3],"tags":[],"class_list":["post-181809","post","type-post","status-publish","format-standard","has-post-thumbnail","hentry","category-politica"],"_links":{"self":[{"href":"https:\/\/corrientesdetarde.com\/index.php\/wp-json\/wp\/v2\/posts\/181809","targetHints":{"allow":["GET"]}}],"collection":[{"href":"https:\/\/corrientesdetarde.com\/index.php\/wp-json\/wp\/v2\/posts"}],"about":[{"href":"https:\/\/corrientesdetarde.com\/index.php\/wp-json\/wp\/v2\/types\/post"}],"author":[{"embeddable":true,"href":"https:\/\/corrientesdetarde.com\/index.php\/wp-json\/wp\/v2\/users\/11"}],"replies":[{"embeddable":true,"href":"https:\/\/corrientesdetarde.com\/index.php\/wp-json\/wp\/v2\/comments?post=181809"}],"version-history":[{"count":1,"href":"https:\/\/corrientesdetarde.com\/index.php\/wp-json\/wp\/v2\/posts\/181809\/revisions"}],"predecessor-version":[{"id":181810,"href":"https:\/\/corrientesdetarde.com\/index.php\/wp-json\/wp\/v2\/posts\/181809\/revisions\/181810"}],"wp:featuredmedia":[{"embeddable":true,"href":"https:\/\/corrientesdetarde.com\/index.php\/wp-json\/wp\/v2\/media\/166407"}],"wp:attachment":[{"href":"https:\/\/corrientesdetarde.com\/index.php\/wp-json\/wp\/v2\/media?parent=181809"}],"wp:term":[{"taxonomy":"category","embeddable":true,"href":"https:\/\/corrientesdetarde.com\/index.php\/wp-json\/wp\/v2\/categories?post=181809"},{"taxonomy":"post_tag","embeddable":true,"href":"https:\/\/corrientesdetarde.com\/index.php\/wp-json\/wp\/v2\/tags?post=181809"}],"curies":[{"name":"wp","href":"https:\/\/api.w.org\/{rel}","templated":true}]}}