{"id":181811,"date":"2024-12-28T15:37:24","date_gmt":"2024-12-28T18:37:24","guid":{"rendered":"https:\/\/corrientesdetarde.com\/?p=181811"},"modified":"2024-12-28T15:53:12","modified_gmt":"2024-12-28T18:53:12","slug":"milonga-solidaria-todos-por-mirta","status":"publish","type":"post","link":"https:\/\/corrientesdetarde.com\/index.php\/sociales\/milonga-solidaria-todos-por-mirta\/","title":{"rendered":"MILONGA SOLIDARIA TODOS POR MIRTA"},"content":{"rendered":"\n<p>El 5 de enero se realizar\u00e1 una milonga solidaria titulada &#8220;Todos por Mirta&#8221;<\/p>\n\n\n\n<p><\/p>\n\n\n\n<p>Una exdocente de Esquina lucha contra el avance del glaucoma y necesita una costosa cirug\u00eda para evitar la ceguera total. Con el apoyo de su comunidad, se organizan rifas y eventos solidarios para reunir los 4.800 d\u00f3lares que requiere el procedimiento.<\/p>\n\n\n\n<p>\u00bfQuien es Mirta?<\/p>\n\n\n\n<p>Mirta Espinoza, una exdocente de 76 a\u00f1os oriunda de Esquina, Corrientes, atraviesa un momento cr\u00edtico en su salud. Hace tiempo perdi\u00f3 la visi\u00f3n de un ojo, y en el \u00faltimo a\u00f1o, el glaucoma ha avanzado r\u00e1pidamente en el otro, dej\u00e1ndola al borde de la ceguera total.<\/p>\n\n\n\n<p>&#8220;Hace unos a\u00f1os tuve un accidente en moto y perd\u00ed la vision de un&nbsp;ojo. Tengo miop\u00eda desde &nbsp;10 a\u00f1os, us\u00e9 anteojos hasta que aparecieron los lentes de contacto y conviv\u00ed con la miop\u00eda hasta que hace unos 20 a\u00f1os me diagnosticaron glaucoma&#8221;, relat\u00f3 Mirta en una entrevista reciente.<\/p>\n\n\n\n<p>Despu\u00e9s de visitar a varios m\u00e9dicos en Corrientes, los especialistas del Instituto Zald\u00edvar en Buenos Aires le brindaron una esperanza: una cirug\u00eda que podr\u00eda frenar el da\u00f1o y preservar lo poco que le queda de visi\u00f3n. Sin embargo, el procedimiento tiene un costo de 4.800 d\u00f3lares, una cifra que resulta inalcanzable para ella.<\/p>\n\n\n\n<p><\/p>\n\n\n\n<figure class=\"wp-block-image size-full\"><img loading=\"lazy\" decoding=\"async\" width=\"525\" height=\"742\" src=\"https:\/\/corrientesdetarde.com\/wp-content\/uploads\/2024\/12\/Captura-de-pantalla-2024-12-28-151040.png\" alt=\"\" class=\"wp-image-181818\" srcset=\"https:\/\/corrientesdetarde.com\/wp-content\/uploads\/2024\/12\/Captura-de-pantalla-2024-12-28-151040.png 525w, https:\/\/corrientesdetarde.com\/wp-content\/uploads\/2024\/12\/Captura-de-pantalla-2024-12-28-151040-212x300.png 212w\" sizes=\"auto, (max-width: 525px) 100vw, 525px\" \/><\/figure>\n","protected":false},"excerpt":{"rendered":"<p>El 5 de enero se realizar\u00e1 una milonga solidaria titulada &#8220;Todos por Mirta&#8221; Una exdocente de Esquina lucha contra el avance del glaucoma y necesita una costosa cirug\u00eda para evitar&hellip; <\/p>\n","protected":false},"author":4,"featured_media":181817,"comment_status":"closed","ping_status":"open","sticky":false,"template":"","format":"standard","meta":{"footnotes":""},"categories":[26,17],"tags":[],"class_list":["post-181811","post","type-post","status-publish","format-standard","has-post-thumbnail","hentry","category-destacados","category-sociales"],"_links":{"self":[{"href":"https:\/\/corrientesdetarde.com\/index.php\/wp-json\/wp\/v2\/posts\/181811","targetHints":{"allow":["GET"]}}],"collection":[{"href":"https:\/\/corrientesdetarde.com\/index.php\/wp-json\/wp\/v2\/posts"}],"about":[{"href":"https:\/\/corrientesdetarde.com\/index.php\/wp-json\/wp\/v2\/types\/post"}],"author":[{"embeddable":true,"href":"https:\/\/corrientesdetarde.com\/index.php\/wp-json\/wp\/v2\/users\/4"}],"replies":[{"embeddable":true,"href":"https:\/\/corrientesdetarde.com\/index.php\/wp-json\/wp\/v2\/comments?post=181811"}],"version-history":[{"count":1,"href":"https:\/\/corrientesdetarde.com\/index.php\/wp-json\/wp\/v2\/posts\/181811\/revisions"}],"predecessor-version":[{"id":181819,"href":"https:\/\/corrientesdetarde.com\/index.php\/wp-json\/wp\/v2\/posts\/181811\/revisions\/181819"}],"wp:featuredmedia":[{"embeddable":true,"href":"https:\/\/corrientesdetarde.com\/index.php\/wp-json\/wp\/v2\/media\/181817"}],"wp:attachment":[{"href":"https:\/\/corrientesdetarde.com\/index.php\/wp-json\/wp\/v2\/media?parent=181811"}],"wp:term":[{"taxonomy":"category","embeddable":true,"href":"https:\/\/corrientesdetarde.com\/index.php\/wp-json\/wp\/v2\/categories?post=181811"},{"taxonomy":"post_tag","embeddable":true,"href":"https:\/\/corrientesdetarde.com\/index.php\/wp-json\/wp\/v2\/tags?post=181811"}],"curies":[{"name":"wp","href":"https:\/\/api.w.org\/{rel}","templated":true}]}}