{"id":181816,"date":"2024-12-28T16:40:26","date_gmt":"2024-12-28T19:40:26","guid":{"rendered":"https:\/\/corrientesdetarde.com\/?p=181816"},"modified":"2024-12-28T16:40:38","modified_gmt":"2024-12-28T19:40:38","slug":"ferias-de-la-ciudad-asi-cierran-el-2024-y-dan-inicio-al-2025","status":"publish","type":"post","link":"https:\/\/corrientesdetarde.com\/index.php\/locales\/ferias-de-la-ciudad-asi-cierran-el-2024-y-dan-inicio-al-2025\/","title":{"rendered":"Ferias de la Ciudad: as\u00ed cierran el 2024 y dan inicio al 2025"},"content":{"rendered":"\n<p><em>El cierre del a\u00f1o tendr\u00e1 una \u00faltima presentaci\u00f3n de los stands de Ferias de la Ciudad e inmediatamente se iniciar\u00e1 dicha actividad en el 2025. Los feriantes culminar\u00e1n el a\u00f1o con un balance altamente positivo, y con la firme intenci\u00f3n de consolidar la propuesta en el nuevo per\u00edodo que se inicia.&nbsp;<\/em><\/p>\n\n\n\n<p>La Municipalidad de Corrientes informa el recorrido especial que tendr\u00e1n las Ferias de la Ciudad el \u00faltimo d\u00eda del a\u00f1o y en el inicio del 2025. La iniciativa es coordinada por la Secretar\u00eda de Desarrollo Econ\u00f3mico Municipal, a trav\u00e9s de la Subsecretar\u00eda de Econom\u00eda Social de la Municipalidad de Corrientes.<br><br>El martes 31 de diciembre, los feriantes estar\u00e1n ofreciendo mercader\u00eda especialmente destinada a la mesa de fin de a\u00f1o en la esquina de San Lorenzo y Bol\u00edvar (plaza Torrent) y por Brasil, frente a la Escuela 6 (plazoleta Los Amigos) en el barrio Libertad.&nbsp;<br><br>El mi\u00e9rcoles 1 de enero los feriantes se instalar\u00e1n en el Paseo Arazaty de 16 a 20.<br><br>El jueves 2 los puesteros se ubicar\u00e1n en plaza La Cruz, por calle Salta, en el barrio del mismo nombre. Mientras que el viernes 3 de enero no habr\u00e1 ferias.<br><br>El recorrido continuar\u00e1 el s\u00e1bado 4, de 8 a 13, por la calle Pilu G\u00f3mez y Jos\u00e9 Rol\u00f3n, en el parque Mitre. Y &nbsp;en el Paseo Arazaty, de 10 a 22.<br><br>En tanto que el domingo 5 habr\u00e1 puesteros en el Paseo Arazaty que ofrecer\u00e1n, de 10 a 20, plantas ornamentales, ofertas gastron\u00f3micas, artesan\u00edas y manualidades.<br><br>CRONOGRAMA COMPLETO<br><br>Martes 31 de diciembre: barrio Centro (plaza Torrent) y barrio Libertad (plazoleta Los Amigos).<br><br>Mi\u00e9rcoles 1 de enero: Paseo Arazaty, de 16 a 20<br><br>Jueves 2 de enero: barrio La Cruz (plaza La Cruz).<br><br>Viernes 3 de enero: no habr\u00e1 ferias<br><br>S\u00e1bado 4 de enero: barrio Aldana (parque Mitre) y Paseo Arazaty (10 a 22).<br><br>Domingo 5 de diciembre: Paseo Arazaty<\/p>\n","protected":false},"excerpt":{"rendered":"<p>El cierre del a\u00f1o tendr\u00e1 una \u00faltima presentaci\u00f3n de los stands de Ferias de la Ciudad e inmediatamente se iniciar\u00e1 dicha actividad en el 2025. Los feriantes culminar\u00e1n el a\u00f1o&hellip; <\/p>\n","protected":false},"author":4,"featured_media":181821,"comment_status":"closed","ping_status":"open","sticky":false,"template":"","format":"standard","meta":{"footnotes":""},"categories":[8],"tags":[],"class_list":["post-181816","post","type-post","status-publish","format-standard","has-post-thumbnail","hentry","category-locales"],"_links":{"self":[{"href":"https:\/\/corrientesdetarde.com\/index.php\/wp-json\/wp\/v2\/posts\/181816","targetHints":{"allow":["GET"]}}],"collection":[{"href":"https:\/\/corrientesdetarde.com\/index.php\/wp-json\/wp\/v2\/posts"}],"about":[{"href":"https:\/\/corrientesdetarde.com\/index.php\/wp-json\/wp\/v2\/types\/post"}],"author":[{"embeddable":true,"href":"https:\/\/corrientesdetarde.com\/index.php\/wp-json\/wp\/v2\/users\/4"}],"replies":[{"embeddable":true,"href":"https:\/\/corrientesdetarde.com\/index.php\/wp-json\/wp\/v2\/comments?post=181816"}],"version-history":[{"count":2,"href":"https:\/\/corrientesdetarde.com\/index.php\/wp-json\/wp\/v2\/posts\/181816\/revisions"}],"predecessor-version":[{"id":181824,"href":"https:\/\/corrientesdetarde.com\/index.php\/wp-json\/wp\/v2\/posts\/181816\/revisions\/181824"}],"wp:featuredmedia":[{"embeddable":true,"href":"https:\/\/corrientesdetarde.com\/index.php\/wp-json\/wp\/v2\/media\/181821"}],"wp:attachment":[{"href":"https:\/\/corrientesdetarde.com\/index.php\/wp-json\/wp\/v2\/media?parent=181816"}],"wp:term":[{"taxonomy":"category","embeddable":true,"href":"https:\/\/corrientesdetarde.com\/index.php\/wp-json\/wp\/v2\/categories?post=181816"},{"taxonomy":"post_tag","embeddable":true,"href":"https:\/\/corrientesdetarde.com\/index.php\/wp-json\/wp\/v2\/tags?post=181816"}],"curies":[{"name":"wp","href":"https:\/\/api.w.org\/{rel}","templated":true}]}}