{"id":182209,"date":"2024-12-31T08:00:16","date_gmt":"2024-12-31T11:00:16","guid":{"rendered":"https:\/\/corrientesdetarde.com\/?p=182209"},"modified":"2024-12-31T08:00:21","modified_gmt":"2024-12-31T11:00:21","slug":"corrientes-las-ventas-para-ano-nuevo-por-debajo-de-navidad","status":"publish","type":"post","link":"https:\/\/corrientesdetarde.com\/index.php\/actualidad\/corrientes-las-ventas-para-ano-nuevo-por-debajo-de-navidad\/","title":{"rendered":"Corrientes: las ventas para A\u00f1o Nuevo por debajo de Navidad"},"content":{"rendered":"\n<p>Comerciantes de la peatonal Jun\u00edn coincidieron en que hay un menor n\u00famero de compras debido a que los correntinos se &#8220;quedaron sin dinero&#8221; o &#8220;se alistan para un largo enero&#8221;. Solo Balbi y tiendas de ropa femenina manten\u00edan el inter\u00e9s de los clientes. Hoy la atenci\u00f3n es de corrido.<\/p>\n\n\n\n<p>Los correntinos vivir\u00e1n un A\u00f1o Nuevo m\u00e1s austero. En comparaci\u00f3n a la previa de Nochebuena y Navidad, el n\u00famero de clientes decay\u00f3 durante el fin de semana y este lunes en la mayor\u00eda de los comercios del microcentro. Indumentaria, sobre todo femenina, lidera la demanda.<\/p>\n\n\n\n<p>Una de las diferencias m\u00e1s palpables fue que circular por la peatonal ayer a la tarde, a diferencia de hace una semana, no era una misi\u00f3n imposible. Es que durante las jornadas previas a Navidad, la cantidad de personas abarrotaban la arteria comercial.<\/p>\n\n\n\n<p><strong>Tiendas Balbi<\/strong>, ubicada sobre Jun\u00edn casi San Juan, era uno de los comercios que ayer manten\u00eda la afluencia de compradores en contraste con sus pares. El gerente del comercio, Jorge Zacar\u00edas, coment\u00f3 a diario \u00e9poca, un balance positivo:. &#8220;En 2023 ca\u00edmos un 20%, pero en esta edici\u00f3n superamos un 350% las ventas en contraste con el a\u00f1o pasado. Adem\u00e1s tenemos un 70% m\u00e1s de clientes para diciembre&#8221;, resumi\u00f3 el muy buen a\u00f1o de la casa de ropa.<\/p>\n\n\n\n<p>&#8220;Ahora la gente est\u00e1 cuidando m\u00e1s el dinero ya que tiene en cuenta que se aproxima enero, un mes largo y con muchos gastos. En este sentido notamos que las ventas mermaron un poco respecto a la Navidad. De todas formas se registran m\u00e1s transacciones que en una fecha normal&#8221;, dijo Zacar\u00edas.<\/p>\n\n\n\n<figure class=\"wp-block-image\"><img decoding=\"async\" src=\"https:\/\/www.diarioepoca.com\/content\/bucket\/2\/1404552w790h658c.jpg.webp\" alt=\"\"\/><figcaption class=\"wp-element-caption\">LARGAS FILAS EN LOS PROBADORES DE TIENDAS BALBI.<\/figcaption><\/figure>\n\n\n\n<p>Mallas, bermudas, musculosas y remeras son las preferidas por los clientes, sin ning\u00fan atuendo particular o de moda para las fiestas. &#8220;Las mejores ventas siempre las tenemos en la semana previa a la Nochebuena, y sobre todo el 23 de diciembre. Principalmente compran prendas para vestir a toda la familia o bien renovar los art\u00edculos de bazar a trav\u00e9s de&nbsp;<strong>Balbi Home<\/strong>&#8220;, agreg\u00f3 el referente del local.<\/p>\n\n\n\n<p>Vale recordar que la tienda encar\u00f3 este a\u00f1o una reforma y ampliaci\u00f3n de sus instalaciones que llev\u00f3 a ofrecer un abultado stock y espacios m\u00e1s c\u00f3modos para sus clientes. Este 31 de diciembre abrir\u00e1n sus puertas a las 8:30 hasta las 16.<\/p>\n\n\n\n<p>Por otro lado, en una zapater\u00eda, situada sobre Jun\u00edn casi Mendoza, tambi\u00e9n coincidieron en que la demanda de los clientes es menor a los d\u00edas previos a Nochebuena. &#8220;Las transacciones son menores, pero mantenemos venta variada de calzados, ninguno en particular&#8221;, aseguraron a este medio dos encargadas.Previous<\/p>\n\n\n\n<figure class=\"wp-block-image\"><img decoding=\"async\" src=\"https:\/\/www.diarioepoca.com\/content\/bucket\/9\/1404569h720.jpg.webp\" alt=\"Tiendas Balbi A\u00f1o Nuevo Corrientes 2.JPG\"\/><\/figure>\n\n\n\n<figure class=\"wp-block-image\"><img decoding=\"async\" src=\"https:\/\/www.diarioepoca.com\/content\/bucket\/0\/1404570h720.jpg.webp\" alt=\"Tiendas Balbi A\u00f1o Nuevo Corrientes 1.JPG\"\/><\/figure>\n\n\n\n<figure class=\"wp-block-image\"><img decoding=\"async\" src=\"https:\/\/www.diarioepoca.com\/content\/bucket\/1\/1404571h720.jpg.webp\" alt=\"Tiendas Balbi A\u00f1o Nuevo Corrientes.JPG\"\/><\/figure>\n\n\n\n<p>Donde s\u00ed se pudo ver un mayor n\u00famero de personas fue en los comercios que ofrecen indumentaria femenina para salidas y fiestas. Ayer a la tarde, estos lugares estaban abarrotados de mujeres en b\u00fasqueda de prendas, principalmente de color blanco, para vestir en la mesa.<\/p>\n\n\n\n<figure class=\"wp-block-image\"><img decoding=\"async\" src=\"https:\/\/www.diarioepoca.com\/content\/bucket\/4\/1404554w790h658c.jpg.webp\" alt=\"\"\/><figcaption class=\"wp-element-caption\">UNA TIENDA DE INDUMENTARIA PARA MUJERES REPLETA DE CLIENTES.<\/figcaption><\/figure>\n\n\n\n<p>Desde Carnicenter, enfrente a plaza Juan de Vera, precisaron que la afluencia de clientes cay\u00f3 entre el 26 y 29 de diciembre. &#8220;Reci\u00e9n hoy (por ayer) la gente se acerc\u00f3 y se reactiv\u00f3 el movimiento. Tenemos ofertas tentadoras como costilla de novillo a $7.500 o de novillito a $9.990&#8221;, sostuvo uno de los gerentes.<\/p>\n\n\n\n<figure class=\"wp-block-image\"><img decoding=\"async\" src=\"https:\/\/www.diarioepoca.com\/content\/bucket\/1\/1404551w790h545c.jpg.webp\" alt=\"\"\/><figcaption class=\"wp-element-caption\">LA FALDA Y EL VACION SON LOS CORTES PREFERIDOS PARA EL ASADO.<\/figcaption><\/figure>\n\n\n\n<p>A diferencia del a\u00f1o pasado, la carnicer\u00eda tuvo menos demanda. &#8220;En 2023 ya registr\u00e1bamos ventas para las fiestas desde la segunda quincena noviembre hasta los \u00faltimos d\u00edas del a\u00f1o. Esto se puede deber a que en la actualidad un asado para cuatro personas roza los $100.000&#8221;, agreg\u00f3.<\/p>\n\n\n\n<p>Otros locales que hasta ayer registraban una escasa demanda son los que se dedican a la venta de electrodom\u00e9sticos y equipos inform\u00e1ticos como celulares.<\/p>\n\n\n\n<figure class=\"wp-block-image\"><img decoding=\"async\" src=\"https:\/\/www.diarioepoca.com\/content\/bucket\/3\/1404553w790h658c.jpg.webp\" alt=\"\"\/><figcaption class=\"wp-element-caption\">MENOS TRANSE\u00daNTES POR JUNIN EN CONTRASTE A NAVIDAD.<\/figcaption><\/figure>\n","protected":false},"excerpt":{"rendered":"<p>Comerciantes de la peatonal Jun\u00edn coincidieron en que hay un menor n\u00famero de compras debido a que los correntinos se &#8220;quedaron sin dinero&#8221; o &#8220;se alistan para un largo enero&#8221;.&hellip; <\/p>\n","protected":false},"author":3,"featured_media":182220,"comment_status":"closed","ping_status":"open","sticky":false,"template":"","format":"standard","meta":{"footnotes":""},"categories":[23],"tags":[],"class_list":["post-182209","post","type-post","status-publish","format-standard","has-post-thumbnail","hentry","category-actualidad"],"_links":{"self":[{"href":"https:\/\/corrientesdetarde.com\/index.php\/wp-json\/wp\/v2\/posts\/182209","targetHints":{"allow":["GET"]}}],"collection":[{"href":"https:\/\/corrientesdetarde.com\/index.php\/wp-json\/wp\/v2\/posts"}],"about":[{"href":"https:\/\/corrientesdetarde.com\/index.php\/wp-json\/wp\/v2\/types\/post"}],"author":[{"embeddable":true,"href":"https:\/\/corrientesdetarde.com\/index.php\/wp-json\/wp\/v2\/users\/3"}],"replies":[{"embeddable":true,"href":"https:\/\/corrientesdetarde.com\/index.php\/wp-json\/wp\/v2\/comments?post=182209"}],"version-history":[{"count":1,"href":"https:\/\/corrientesdetarde.com\/index.php\/wp-json\/wp\/v2\/posts\/182209\/revisions"}],"predecessor-version":[{"id":182246,"href":"https:\/\/corrientesdetarde.com\/index.php\/wp-json\/wp\/v2\/posts\/182209\/revisions\/182246"}],"wp:featuredmedia":[{"embeddable":true,"href":"https:\/\/corrientesdetarde.com\/index.php\/wp-json\/wp\/v2\/media\/182220"}],"wp:attachment":[{"href":"https:\/\/corrientesdetarde.com\/index.php\/wp-json\/wp\/v2\/media?parent=182209"}],"wp:term":[{"taxonomy":"category","embeddable":true,"href":"https:\/\/corrientesdetarde.com\/index.php\/wp-json\/wp\/v2\/categories?post=182209"},{"taxonomy":"post_tag","embeddable":true,"href":"https:\/\/corrientesdetarde.com\/index.php\/wp-json\/wp\/v2\/tags?post=182209"}],"curies":[{"name":"wp","href":"https:\/\/api.w.org\/{rel}","templated":true}]}}