{"id":182213,"date":"2024-12-31T08:00:20","date_gmt":"2024-12-31T11:00:20","guid":{"rendered":"https:\/\/corrientesdetarde.com\/?p=182213"},"modified":"2024-12-31T08:00:21","modified_gmt":"2024-12-31T11:00:21","slug":"milei-cierra-un-ano-con-tensiones-con-gobernadores-por-los-recursos","status":"publish","type":"post","link":"https:\/\/corrientesdetarde.com\/index.php\/politica\/milei-cierra-un-ano-con-tensiones-con-gobernadores-por-los-recursos\/","title":{"rendered":"Milei cierra un a\u00f1o con tensiones con gobernadores por los recursos"},"content":{"rendered":"\n<p>Las relaciones entre la Casa Rosada y las provincias estuvieron marcadas por la ca\u00edda de transferencias, la discusi\u00f3n por la Ley Bases, el Pacto de Mayo, los acuerdos por la continuidad de la obra p\u00fablica que esperan su ejecuci\u00f3n, el naufragio del Presupuesto.<\/p>\n\n\n\n<p>El a\u00f1o cerr\u00f3 con alianzas y quiebres en las relaciones de la Casa Rosada con los gobernadores. Desde el inicio de la gesti\u00f3n de Javier Milei la distribuci\u00f3n de los recursos federales estuvo marcada por las tensiones. Ca\u00edda de las transferencias discrecionales y de gran parte de las autom\u00e1ticas, la quita de subsidios y la pr\u00e1cticamente nula obra p\u00fablica; como as\u00ed, principios de acercamientos con firmas de acuerdos, la mayor\u00eda de ellos inconcretos, fueron algunos de los puntos que caracterizaron las relaciones entre el titular del Ejecutivo Nacional y los mandatarios.<\/p>\n\n\n\n<p>El primer trimestre fue de mayor beligerancia, especialmente, durante el primer intento de tratamiento de la Ley Bases, pese a un acuerdo t\u00e1cito de los titulares de los Ejecutivos Provinciales de contener el ajuste, ya que las provincias afrontaron inversiones como los educativos, especialmente, la absorci\u00f3n de la eliminaci\u00f3n del Fondo Nacional de Incentivo Docente (FONID). En el caso de Corrientes, la jurisdicci\u00f3n se hizo cargo de recorte, con la incorporaci\u00f3n de la diferencia a los recibos de sueldos maestros y profesores.<\/p>\n\n\n\n<figure class=\"wp-block-image\"><img decoding=\"async\" src=\"https:\/\/www.diarioepoca.com\/content\/bucket\/8\/1404548w380h132c.jpg.webp\" alt=\"\"\/><\/figure>\n\n\n\n<p>La tensa calma en medio de la motosierra termin\u00f3 de resquebrajarse a fines de febrero cuando los gobernadores de la Patagonia y de sus pares del otrora interbloque de Juntos por el Cambio, entre ellos, Gustavo Vald\u00e9s, salieron a respaldar al titular del Ejecutivo de Chubut, Ignacio Torres, por la quita compulsiva de $13.000 millones de coparticipaci\u00f3n, casi un tercio de las transferencias autom\u00e1ticas, por una deuda con el Fondo Fiduciario para el Desarrollo Provincial. Habitualmente, Naci\u00f3n acuerda el refinanciamiento de la acreencia, pero esa no fue la ocasi\u00f3n; por lo cual, acudieron a la Justicia Federal que en junio le dio la raz\u00f3n a la jurisdicci\u00f3n subnacional.<\/p>\n\n\n\n<p>En este escenario, Milei hab\u00eda vociferado improperios a trav\u00e9s de su cuenta en una red social contra el Mandatario de Chubut. Anteriormente, tambi\u00e9n hab\u00eda expresado fuertes opiniones contra los gobernadores y hab\u00eda publicado una lista negra de diputados por el naufragio de la primera Ley Bases en el Congreso de la Naci\u00f3n en un tono nunca antes visto por el Primer Mandatario nacional. La iniciativa volvi\u00f3 a presentarse en marzo con mayor detenimiento en las conversaciones con las Provincias ya que requer\u00eda de un amplio di\u00e1logo con los actores pol\u00edticos.<\/p>\n\n\n\n<figure class=\"wp-block-image\"><img decoding=\"async\" src=\"https:\/\/www.diarioepoca.com\/content\/bucket\/9\/1404549w380h132c.jpg.webp\" alt=\"\"\/><\/figure>\n\n\n\n<p>Luego de la media sanci\u00f3n de la Ley Bases, en abril la Casa Rosada busc\u00f3 impulsar el Pacto de Mayo, una lista de 10 puntos con intenciones de pol\u00edticas p\u00fablicas comunes entre las Provincias y Naci\u00f3n, con tintes de refundaci\u00f3n. Sin embargo, no hubo grandes avances y la norma que se constituir\u00eda en una herramienta para la gobernabilidad del Presidente y el paquete fiscal se sancionaron a fines de junio con cambios que sugirieron los Mandatarios. Esto incluy\u00f3 la restituci\u00f3n del Impuesto a las Ganancias a los asalariados que alivianar\u00eda las arcas provinciales a trav\u00e9s de la coparticipaci\u00f3n.<\/p>\n\n\n\n<p>El correntino fue uno de los gobernadores que reclamaron el retorno a la ampliaci\u00f3n de la base impositiva. Semanas atr\u00e1s volvi\u00f3 a se\u00f1alar que existen &#8220;legisladores que levantan la mano en contra de sus provincias&#8221;, en referencia a la eliminaci\u00f3n de la cuarta categor\u00eda durante el ejercicio del poder de Sergio Massa en el Ministerio de Econom\u00eda de la Naci\u00f3n en 2023.<\/p>\n\n\n\n<h2 class=\"wp-block-heading\">Pacto de Mayo<\/h2>\n\n\n\n<p>Ya sancionada la Ley Bases, los gobernadores avanzaron en la firma del Pacto de Mayo pero no el 25 de mayo, tal lo previsto, sino en una fr\u00eda noche del 9 de Julio en San Miguel de Tucum\u00e1n. Se abri\u00f3 una etapa de mayor di\u00e1logo con los mandatarios.<\/p>\n\n\n\n<p>A ra\u00edz de la Ley Bases se entretejieron nuevas alianzas. Floreci\u00f3 el di\u00e1logo entre la Casa Rosada y mandatarios exaliados del kichnerismo como los peronistas Ra\u00fal Jalil (Catamarca) y Osvaldo Jaldo (Tucum\u00e1n) y Hugo Passalacqua del Frente Renovador Misionero. Tambi\u00e9n se establecieron conversaciones entre los titulares de Ejecutivos Provinciales de la UCR, PRO y aliados del sello amarillo como Claudio Poggi de San Luis.<\/p>\n\n\n\n<p>En el caso de Vald\u00e9s, este manifest\u00f3 su apertura al di\u00e1logo desde que asumi\u00f3 Milei. Sin embargo, a medida que avanzaba la motosierra sobre la obra p\u00fablica y la no transferencias a las cajas previsionales, comenzaron a tomar mayor fuerza los reclamos. Estos se acrecentaron durante la discusi\u00f3n por el Presupuesto 2025 en noviembre, proyecto que naufrag\u00f3 en el Congreso, cuando las asignaciones para Corrientes fueron nuevamente inferiores al resto de otras jurisdicciones subnacionales.<\/p>\n\n\n\n<p>El 9 de Julio, sin embargo, la sinton\u00eda era poco r\u00edspida ya que el correntino particip\u00f3 de la firma del Pacto de Mayo, lo que se considerar\u00eda ser\u00eda una suerte de refundaci\u00f3n de la pol\u00edtica, al menos desde la perspectiva del oficialismo. Algunos de los puntos que propon\u00eda era la inviolabilidad de la propiedad privada; el equilibrio fiscal innegociable; la reducci\u00f3n del gasto p\u00fablico a niveles hist\u00f3ricos, en torno al 25% del PBI; una educaci\u00f3n inicial, primaria y secundaria \u00fatil y moderna, con alfabetizaci\u00f3n plena y sin abandono escolar.<\/p>\n\n\n\n<p>El \u00edtem educativo fue incorporado a ra\u00edz del pedido de mandatarios radicales y del PRO. Aunque no todos los gobernadores asistieron al acto convocado por Milei en Tucum\u00e1n y se ampli\u00f3 la distancia con mandatarios como Axel Kicillof (Buenos Aires) y Ricardo Quintela (La Rioja). La aplicaci\u00f3n del Pacto debi\u00f3 decantar en la conformaci\u00f3n de un consejo, \u00f3rgano que no se conform\u00f3 dadas las dificultades para compatibilizar representaciones.<\/p>\n\n\n\n<h2 class=\"wp-block-heading\">Obras<\/h2>\n\n\n\n<p>En julio el Gobernador acord\u00f3 la continuidad de la obra p\u00fablica nacional. La provincia se hac\u00eda cargo de la mayor\u00eda de los proyectos paralizados cuyo valor ascend\u00eda por encima de los 60 millones de d\u00f3lares. En tanto, Naci\u00f3n deb\u00eda proseguir con infraestructura prioritaria como la autov\u00eda sobre Ruta Nacional N\u00b012, iniciativa cuyas conversaciones est\u00e1n avanzadas con la empresa contratista.<\/p>\n\n\n\n<p>La ca\u00edda del Presupuesto 2025 gener\u00f3 malestar entre los gobernadores quienes esperan destrabar partidas para infraestructura. Para Vald\u00e9s, contin\u00faa la lucha &#8220;entre federales y centralistas&#8221;.<\/p>\n","protected":false},"excerpt":{"rendered":"<p>Las relaciones entre la Casa Rosada y las provincias estuvieron marcadas por la ca\u00edda de transferencias, la discusi\u00f3n por la Ley Bases, el Pacto de Mayo, los acuerdos por la&hellip; <\/p>\n","protected":false},"author":3,"featured_media":182222,"comment_status":"closed","ping_status":"open","sticky":false,"template":"","format":"standard","meta":{"footnotes":""},"categories":[3],"tags":[],"class_list":["post-182213","post","type-post","status-publish","format-standard","has-post-thumbnail","hentry","category-politica"],"_links":{"self":[{"href":"https:\/\/corrientesdetarde.com\/index.php\/wp-json\/wp\/v2\/posts\/182213","targetHints":{"allow":["GET"]}}],"collection":[{"href":"https:\/\/corrientesdetarde.com\/index.php\/wp-json\/wp\/v2\/posts"}],"about":[{"href":"https:\/\/corrientesdetarde.com\/index.php\/wp-json\/wp\/v2\/types\/post"}],"author":[{"embeddable":true,"href":"https:\/\/corrientesdetarde.com\/index.php\/wp-json\/wp\/v2\/users\/3"}],"replies":[{"embeddable":true,"href":"https:\/\/corrientesdetarde.com\/index.php\/wp-json\/wp\/v2\/comments?post=182213"}],"version-history":[{"count":1,"href":"https:\/\/corrientesdetarde.com\/index.php\/wp-json\/wp\/v2\/posts\/182213\/revisions"}],"predecessor-version":[{"id":182247,"href":"https:\/\/corrientesdetarde.com\/index.php\/wp-json\/wp\/v2\/posts\/182213\/revisions\/182247"}],"wp:featuredmedia":[{"embeddable":true,"href":"https:\/\/corrientesdetarde.com\/index.php\/wp-json\/wp\/v2\/media\/182222"}],"wp:attachment":[{"href":"https:\/\/corrientesdetarde.com\/index.php\/wp-json\/wp\/v2\/media?parent=182213"}],"wp:term":[{"taxonomy":"category","embeddable":true,"href":"https:\/\/corrientesdetarde.com\/index.php\/wp-json\/wp\/v2\/categories?post=182213"},{"taxonomy":"post_tag","embeddable":true,"href":"https:\/\/corrientesdetarde.com\/index.php\/wp-json\/wp\/v2\/tags?post=182213"}],"curies":[{"name":"wp","href":"https:\/\/api.w.org\/{rel}","templated":true}]}}