{"id":182215,"date":"2024-12-31T08:00:22","date_gmt":"2024-12-31T11:00:22","guid":{"rendered":"https:\/\/corrientesdetarde.com\/?p=182215"},"modified":"2024-12-31T08:00:23","modified_gmt":"2024-12-31T11:00:23","slug":"la-policia-blindara-la-ciudad-para-recibir-en-paz-el-2025","status":"publish","type":"post","link":"https:\/\/corrientesdetarde.com\/index.php\/locales\/la-policia-blindara-la-ciudad-para-recibir-en-paz-el-2025\/","title":{"rendered":"La Polic\u00eda &#8220;blindar\u00e1&#8221; la ciudad para recibir en paz el 2025"},"content":{"rendered":"\n<p>El Ministerio de Seguridad desarrollar\u00e1 hoy un nuevo blindaje en la Costanera &#8220;General San Mart\u00edn&#8221; y &#8220;Juan Pablo II&#8221;, desde las 23 hasta las 7. Para ello se restringir\u00e1 el ingreso de todo tipo de veh\u00edculos, disponi\u00e9ndose para ello puestos policiales vallados en el per\u00edmetro pr\u00f3ximo a ambas costaneras.<\/p>\n\n\n\n<p>Tampoco se permitir\u00e1 en la zona de ambas costaneras, el ingreso de bebidas alcoh\u00f3licas ni botellas de vidrio u otros objetos que puedan ser utilizados para da\u00f1ar la integridad f\u00edsica de otra persona y as\u00ed tambi\u00e9n evitar cualquier alteraci\u00f3n del orden p\u00fablico.<\/p>\n\n\n\n<p>Adem\u00e1s prev\u00e9n un cerramiento parcial en la zona del parque Mitre y reforzar\u00e1n la seguridad perimetral tambi\u00e9n en plaza Vera, parque Camba Cu\u00e1, rotonda Poncho Verde, plaza del Bicentenario, plaza del Mercosur y dem\u00e1s espacios p\u00fablicos.<\/p>\n\n\n\n<figure class=\"wp-block-image\"><img decoding=\"async\" src=\"https:\/\/www.diarioepoca.com\/content\/bucket\/5\/1404555w380h256c.jpg.webp\" alt=\"\"\/><\/figure>\n\n\n\n<p>De acuerdo a lo detallado, ser\u00e1 afectado al servicio el 50% de la totalidad del personal policial que cumple funciones en el \u00e1rea Capital. Tambi\u00e9n reforzar\u00e1n los patrullajes de prevenci\u00f3n en todo el \u00e1mbito citadino.<\/p>\n","protected":false},"excerpt":{"rendered":"<p>El Ministerio de Seguridad desarrollar\u00e1 hoy un nuevo blindaje en la Costanera &#8220;General San Mart\u00edn&#8221; y &#8220;Juan Pablo II&#8221;, desde las 23 hasta las 7. Para ello se restringir\u00e1 el&hellip; <\/p>\n","protected":false},"author":3,"featured_media":182223,"comment_status":"closed","ping_status":"open","sticky":false,"template":"","format":"standard","meta":{"footnotes":""},"categories":[8],"tags":[],"class_list":["post-182215","post","type-post","status-publish","format-standard","has-post-thumbnail","hentry","category-locales"],"_links":{"self":[{"href":"https:\/\/corrientesdetarde.com\/index.php\/wp-json\/wp\/v2\/posts\/182215","targetHints":{"allow":["GET"]}}],"collection":[{"href":"https:\/\/corrientesdetarde.com\/index.php\/wp-json\/wp\/v2\/posts"}],"about":[{"href":"https:\/\/corrientesdetarde.com\/index.php\/wp-json\/wp\/v2\/types\/post"}],"author":[{"embeddable":true,"href":"https:\/\/corrientesdetarde.com\/index.php\/wp-json\/wp\/v2\/users\/3"}],"replies":[{"embeddable":true,"href":"https:\/\/corrientesdetarde.com\/index.php\/wp-json\/wp\/v2\/comments?post=182215"}],"version-history":[{"count":1,"href":"https:\/\/corrientesdetarde.com\/index.php\/wp-json\/wp\/v2\/posts\/182215\/revisions"}],"predecessor-version":[{"id":182248,"href":"https:\/\/corrientesdetarde.com\/index.php\/wp-json\/wp\/v2\/posts\/182215\/revisions\/182248"}],"wp:featuredmedia":[{"embeddable":true,"href":"https:\/\/corrientesdetarde.com\/index.php\/wp-json\/wp\/v2\/media\/182223"}],"wp:attachment":[{"href":"https:\/\/corrientesdetarde.com\/index.php\/wp-json\/wp\/v2\/media?parent=182215"}],"wp:term":[{"taxonomy":"category","embeddable":true,"href":"https:\/\/corrientesdetarde.com\/index.php\/wp-json\/wp\/v2\/categories?post=182215"},{"taxonomy":"post_tag","embeddable":true,"href":"https:\/\/corrientesdetarde.com\/index.php\/wp-json\/wp\/v2\/tags?post=182215"}],"curies":[{"name":"wp","href":"https:\/\/api.w.org\/{rel}","templated":true}]}}