{"id":182217,"date":"2024-12-31T08:00:24","date_gmt":"2024-12-31T11:00:24","guid":{"rendered":"https:\/\/corrientesdetarde.com\/?p=182217"},"modified":"2024-12-31T08:00:25","modified_gmt":"2024-12-31T11:00:25","slug":"la-feria-judicial-sera-hasta-el-31-de-enero","status":"publish","type":"post","link":"https:\/\/corrientesdetarde.com\/index.php\/informacion-general\/la-feria-judicial-sera-hasta-el-31-de-enero\/","title":{"rendered":"La feria judicial ser\u00e1 hasta el 31 de enero"},"content":{"rendered":"\n<p>La Oficina Judicial y el Ministerio P\u00fablico dieron a conocer la lista de magistrados y funcionarios en turno seg\u00fan la fecha de la feria judicial de verano en la provincia que se extiende desde el 26 de diciembre de 2024 al 31 de enero de 2025. Se aclara que solo se tratar\u00e1n asuntos urgentes que requieren de habilitaci\u00f3n.<\/p>\n\n\n\n<p>Esta habilitaci\u00f3n se escuda en el Art\u00edculo 105 de la Ley Org\u00e1nica del Poder Judicial que consisten en: medidas precautorias; denuncias por comisi\u00f3n de delitos de acci\u00f3n p\u00fablica y de instancia privada o dependiente de instancia privada; los concursos y sus medidas urgentes. Tambi\u00e9n incluye los h\u00e1beas corpus y amparo; y todos aquellos asuntos que de las constancias acompa\u00f1adas y a criterio del magistrado, la demora producir\u00e1 un da\u00f1o irreparable.<\/p>\n\n\n\n<p>La Oficina Judicial y el Ministerio p\u00fablico desarrollaron un PDF interactivo, de manera que los interesados puedan acceder de manera sencilla a trav\u00e9s del sitio oficial del Poder Judicial (https:\/\/www.juscorrientes.gov.ar\/), para saber a qui\u00e9n tienen que recurrir en caso de que se presenten alguna de las circunstancias enumeradas.<\/p>\n\n\n\n<p>En el caso del Superior Tribunal de Justicia (STJ), el presidente Eduardo Rey V\u00e1zquez estar\u00e1 hasta la fecha; del 1 al 10 de enero de 2025 estar\u00e1 de turno el ministro Fernando Niz; del 11 al 21 de enero, el ministro Alejandro Chain; del 22 al 24 de enero, el ministro Guillermo Semhan; y del 25 al 31 de enero, el ministro Eduardo Panseri.<\/p>\n\n\n\n<p>En el Ministerio P\u00fablico Fiscal estar\u00e1 de turno hasta el 5 de enero de 2025,Patricia Armendia; del 6 al 12 de enero, Gustavo Roubineau; del 13 al 19 de enero, Pablo Daniel Sosa; del 20 al 26 de enero, Mar\u00eda Andrea Gonz\u00e1lez; del 27 al 31 de enero, Lucrecia Troia Quirch. En tanto, hasta hoy estar\u00e1 de turno en el fuero penal la jueza Josefina Gonz\u00e1lez Caba\u00f1as. Hasta el 11 de enero de 2025 continuar\u00e1 la jueza Mar\u00eda Teresa Zacar\u00edas.<\/p>\n","protected":false},"excerpt":{"rendered":"<p>La Oficina Judicial y el Ministerio P\u00fablico dieron a conocer la lista de magistrados y funcionarios en turno seg\u00fan la fecha de la feria judicial de verano en la provincia&hellip; <\/p>\n","protected":false},"author":3,"featured_media":182224,"comment_status":"closed","ping_status":"open","sticky":false,"template":"","format":"standard","meta":{"footnotes":""},"categories":[1],"tags":[],"class_list":["post-182217","post","type-post","status-publish","format-standard","has-post-thumbnail","hentry","category-informacion-general"],"_links":{"self":[{"href":"https:\/\/corrientesdetarde.com\/index.php\/wp-json\/wp\/v2\/posts\/182217","targetHints":{"allow":["GET"]}}],"collection":[{"href":"https:\/\/corrientesdetarde.com\/index.php\/wp-json\/wp\/v2\/posts"}],"about":[{"href":"https:\/\/corrientesdetarde.com\/index.php\/wp-json\/wp\/v2\/types\/post"}],"author":[{"embeddable":true,"href":"https:\/\/corrientesdetarde.com\/index.php\/wp-json\/wp\/v2\/users\/3"}],"replies":[{"embeddable":true,"href":"https:\/\/corrientesdetarde.com\/index.php\/wp-json\/wp\/v2\/comments?post=182217"}],"version-history":[{"count":1,"href":"https:\/\/corrientesdetarde.com\/index.php\/wp-json\/wp\/v2\/posts\/182217\/revisions"}],"predecessor-version":[{"id":182249,"href":"https:\/\/corrientesdetarde.com\/index.php\/wp-json\/wp\/v2\/posts\/182217\/revisions\/182249"}],"wp:featuredmedia":[{"embeddable":true,"href":"https:\/\/corrientesdetarde.com\/index.php\/wp-json\/wp\/v2\/media\/182224"}],"wp:attachment":[{"href":"https:\/\/corrientesdetarde.com\/index.php\/wp-json\/wp\/v2\/media?parent=182217"}],"wp:term":[{"taxonomy":"category","embeddable":true,"href":"https:\/\/corrientesdetarde.com\/index.php\/wp-json\/wp\/v2\/categories?post=182217"},{"taxonomy":"post_tag","embeddable":true,"href":"https:\/\/corrientesdetarde.com\/index.php\/wp-json\/wp\/v2\/tags?post=182217"}],"curies":[{"name":"wp","href":"https:\/\/api.w.org\/{rel}","templated":true}]}}