{"id":182219,"date":"2024-12-31T08:00:27","date_gmt":"2024-12-31T11:00:27","guid":{"rendered":"https:\/\/corrientesdetarde.com\/?p=182219"},"modified":"2024-12-31T08:00:28","modified_gmt":"2024-12-31T11:00:28","slug":"la-libertad-avanza-se-extiende-en-el-nea","status":"publish","type":"post","link":"https:\/\/corrientesdetarde.com\/index.php\/informacion-general\/la-libertad-avanza-se-extiende-en-el-nea\/","title":{"rendered":"La Libertad Avanza se extiende en el NEA"},"content":{"rendered":"\n<p>El partido La Libertad Avanza (LLA) se extiende en el Nordeste argentino con la reciente inauguraci\u00f3n de la sede en Misiones. El acto fue presidido por la presidente a nivel nacional y secretaria General de la Presidencia, Karina Milei, como as\u00ed, por el titular de la C\u00e1mara de Diputados de la Naci\u00f3n, Mart\u00edn Menem.<\/p>\n\n\n\n<p>Ambos dirigentes del oficialismo nacionales ya estuvieron en Corrientes y en Resistencia, Chaco, donde inauguraron las respectivas sedes partidarias. En Corrientes estuvieron acompa\u00f1ados por el diputado nacional Lisandro Almir\u00f3n, quien tambi\u00e9n abri\u00f3 m\u00e1s de una decena de locales en el interior provincial para parte del crecimiento territorial del espacio.<\/p>\n","protected":false},"excerpt":{"rendered":"<p>El partido La Libertad Avanza (LLA) se extiende en el Nordeste argentino con la reciente inauguraci\u00f3n de la sede en Misiones. El acto fue presidido por la presidente a nivel&hellip; <\/p>\n","protected":false},"author":3,"featured_media":182225,"comment_status":"closed","ping_status":"open","sticky":false,"template":"","format":"standard","meta":{"footnotes":""},"categories":[1],"tags":[],"class_list":["post-182219","post","type-post","status-publish","format-standard","has-post-thumbnail","hentry","category-informacion-general"],"_links":{"self":[{"href":"https:\/\/corrientesdetarde.com\/index.php\/wp-json\/wp\/v2\/posts\/182219","targetHints":{"allow":["GET"]}}],"collection":[{"href":"https:\/\/corrientesdetarde.com\/index.php\/wp-json\/wp\/v2\/posts"}],"about":[{"href":"https:\/\/corrientesdetarde.com\/index.php\/wp-json\/wp\/v2\/types\/post"}],"author":[{"embeddable":true,"href":"https:\/\/corrientesdetarde.com\/index.php\/wp-json\/wp\/v2\/users\/3"}],"replies":[{"embeddable":true,"href":"https:\/\/corrientesdetarde.com\/index.php\/wp-json\/wp\/v2\/comments?post=182219"}],"version-history":[{"count":1,"href":"https:\/\/corrientesdetarde.com\/index.php\/wp-json\/wp\/v2\/posts\/182219\/revisions"}],"predecessor-version":[{"id":182250,"href":"https:\/\/corrientesdetarde.com\/index.php\/wp-json\/wp\/v2\/posts\/182219\/revisions\/182250"}],"wp:featuredmedia":[{"embeddable":true,"href":"https:\/\/corrientesdetarde.com\/index.php\/wp-json\/wp\/v2\/media\/182225"}],"wp:attachment":[{"href":"https:\/\/corrientesdetarde.com\/index.php\/wp-json\/wp\/v2\/media?parent=182219"}],"wp:term":[{"taxonomy":"category","embeddable":true,"href":"https:\/\/corrientesdetarde.com\/index.php\/wp-json\/wp\/v2\/categories?post=182219"},{"taxonomy":"post_tag","embeddable":true,"href":"https:\/\/corrientesdetarde.com\/index.php\/wp-json\/wp\/v2\/tags?post=182219"}],"curies":[{"name":"wp","href":"https:\/\/api.w.org\/{rel}","templated":true}]}}