{"id":182227,"date":"2024-12-31T09:00:24","date_gmt":"2024-12-31T12:00:24","guid":{"rendered":"https:\/\/corrientesdetarde.com\/?p=182227"},"modified":"2024-12-31T09:00:26","modified_gmt":"2024-12-31T12:00:26","slug":"oficial-regatas-sumo-otra-ficha","status":"publish","type":"post","link":"https:\/\/corrientesdetarde.com\/index.php\/deportes\/oficial-regatas-sumo-otra-ficha\/","title":{"rendered":"Oficial: Regatas sum\u00f3 otra ficha"},"content":{"rendered":"\n<p>Regatas Corrientes volvi\u00f3 a meter mano en su equipo y confirm\u00f3 la llegada de Quintin Immanuel Alexander, quien se sumar\u00e1 al equipo en reemplazo de Myles Carter.<\/p>\n\n\n\n<p>El interno de 34 a\u00f1os (21 de abril de 1990) y 2.01 de altura nacido en Moreno Valley, California, llega luego de su paso reciente por la Liga Nacional de Baloncesto Profesional de M\u00e9xico jugando para Plateros de Fresnillo. All\u00ed, jug\u00f3 16 partidos donde promedi\u00f3 6.6 puntos y 4.9 rebotes.<\/p>\n\n\n\n<p>Adem\u00e1s, ya conoce la Liga Nacional, ya que a principios del 2024 jug\u00f3 para a La Uni\u00f3n de Formosa, con quien disput\u00f3 22 encuentros con promedio de 13.2 puntos y 8.7 rebotes en 25 minutos en cancha.<\/p>\n\n\n\n<p>Alexander ha tenido una extensa trayectoria internacional que comenz\u00f3 en 2013, con diversas paradas en Am\u00e9rica del Sur y Central.<\/p>\n","protected":false},"excerpt":{"rendered":"<p>Regatas Corrientes volvi\u00f3 a meter mano en su equipo y confirm\u00f3 la llegada de Quintin Immanuel Alexander, quien se sumar\u00e1 al equipo en reemplazo de Myles Carter. El interno de&hellip; <\/p>\n","protected":false},"author":3,"featured_media":182244,"comment_status":"closed","ping_status":"open","sticky":false,"template":"","format":"standard","meta":{"footnotes":""},"categories":[4],"tags":[],"class_list":["post-182227","post","type-post","status-publish","format-standard","has-post-thumbnail","hentry","category-deportes"],"_links":{"self":[{"href":"https:\/\/corrientesdetarde.com\/index.php\/wp-json\/wp\/v2\/posts\/182227","targetHints":{"allow":["GET"]}}],"collection":[{"href":"https:\/\/corrientesdetarde.com\/index.php\/wp-json\/wp\/v2\/posts"}],"about":[{"href":"https:\/\/corrientesdetarde.com\/index.php\/wp-json\/wp\/v2\/types\/post"}],"author":[{"embeddable":true,"href":"https:\/\/corrientesdetarde.com\/index.php\/wp-json\/wp\/v2\/users\/3"}],"replies":[{"embeddable":true,"href":"https:\/\/corrientesdetarde.com\/index.php\/wp-json\/wp\/v2\/comments?post=182227"}],"version-history":[{"count":1,"href":"https:\/\/corrientesdetarde.com\/index.php\/wp-json\/wp\/v2\/posts\/182227\/revisions"}],"predecessor-version":[{"id":182290,"href":"https:\/\/corrientesdetarde.com\/index.php\/wp-json\/wp\/v2\/posts\/182227\/revisions\/182290"}],"wp:featuredmedia":[{"embeddable":true,"href":"https:\/\/corrientesdetarde.com\/index.php\/wp-json\/wp\/v2\/media\/182244"}],"wp:attachment":[{"href":"https:\/\/corrientesdetarde.com\/index.php\/wp-json\/wp\/v2\/media?parent=182227"}],"wp:term":[{"taxonomy":"category","embeddable":true,"href":"https:\/\/corrientesdetarde.com\/index.php\/wp-json\/wp\/v2\/categories?post=182227"},{"taxonomy":"post_tag","embeddable":true,"href":"https:\/\/corrientesdetarde.com\/index.php\/wp-json\/wp\/v2\/tags?post=182227"}],"curies":[{"name":"wp","href":"https:\/\/api.w.org\/{rel}","templated":true}]}}