{"id":182230,"date":"2024-12-31T09:00:22","date_gmt":"2024-12-31T12:00:22","guid":{"rendered":"https:\/\/corrientesdetarde.com\/?p=182230"},"modified":"2024-12-31T09:00:23","modified_gmt":"2024-12-31T12:00:23","slug":"con-danzas-y-ritmos-preparan-los-honores-al-patrono-san-baltasar","status":"publish","type":"post","link":"https:\/\/corrientesdetarde.com\/index.php\/cultura\/con-danzas-y-ritmos-preparan-los-honores-al-patrono-san-baltasar\/","title":{"rendered":"Con danzas y ritmos preparan los honores al patrono San Baltasar"},"content":{"rendered":"\n<p>La celebraci\u00f3n popular, dedicada al &#8220;santo negro&#8221;, iniciar\u00e1 este viernes con una amplia agenda de actividades en Sala Mors. Desde la Municipalidad adem\u00e1s ofrecer\u00e1n espect\u00e1culos en el parque Camba Cu\u00e1. Las propuestas gratuitas se extender\u00e1n hasta el lunes 6.<\/p>\n\n\n\n<p>Chispean los fuegos, se tiesan los parches y el bailecito ya se siente en el barrio Camba Cu\u00e1 donde cientos de devotos de San Baltasar, ensayan sus ritmos para venerar con expresiones art\u00edsticas y religiosas al &#8220;santito negro&#8221; de los tres Reyes Magos. Esta tradici\u00f3n ancestral vuelve a tomar aire cada 6 de enero y entre oraciones y un megafestival, Corrientes renueva su identidad, costumbre y tradici\u00f3n.<\/p>\n\n\n\n<p>Para ello, la Municipalidad prepara un convite especial con una amplia agenda de actividades que iniciar\u00e1n este viernes 3, a partir de las 20, en el marco de la apertura del Festival en honor a San Baltasar, en el centro cultural Adolfo Mors (Pellegrini 542 \u0096 Camba Cu\u00e1). A la par, distintas instituciones dedicadas a la cultura del candombe se preparan para lo que ser\u00e1 el tradicional saludo y &#8220;bailecito&#8221; por las calles del barrio.<\/p>\n\n\n\n<figure class=\"wp-block-image\"><img decoding=\"async\" src=\"https:\/\/www.diarioepoca.com\/content\/bucket\/2\/1404562w380h758c.jpg.webp\" alt=\"\"\/><\/figure>\n\n\n\n<p>El secretario de Cultura y Educaci\u00f3n de la Ciudad, Jos\u00e9 Sand, organismo a cargo de las actividades, adelant\u00f3 a \u00e9poca que habr\u00e1 numerosas propuestas con entrada libre y gratuita que tendr\u00e1n epicentro en el parque Camba Cu\u00e1 y se extender\u00e1n hasta el lunes 6, fecha de la celebraci\u00f3n del &#8220;Santo Rey&#8221;.<\/p>\n\n\n\n<p>&#8220;Nuevamente acompa\u00f1amos esta tradicional expresi\u00f3n cultural, muy importante para la ciudad con propuestas pensadas para toda la familia que incluir\u00e1 exposiciones de arte, danza, m\u00fasica, carnaval, entre otras actividades&#8221;, adelant\u00f3 el funcionario Municipal. Asimismo, destac\u00f3 que esta festividad, que tom\u00f3 mayor relevancia en los \u00faltimos a\u00f1os, representa parte de la idiosincrasia de los correntinos que por largo tiempo estuvo escondida. &#8220;Esta antigua festividad, que lleg\u00f3 de la mano de la cultura de los afrodescendientes, fue influyente en las expresiones culturales de los correntinos, que por muchos a\u00f1os estuvo escondida, discriminada y que ahora, con el acompa\u00f1amiento de la Municipalidad, volvi\u00f3 a tomar protagonismo y representa un orgullo para la ciudad&#8221;, expres\u00f3 Sand y a\u00f1adi\u00f3: &#8220;No solo influye en la cultura sino tambi\u00e9n en el turismo, cada a\u00f1o llegan m\u00e1s visitantes y turistas a conocer esta celebraci\u00f3n, el tradicional bailecito y el repique de los tambores, porque es un espect\u00e1culo maravilloso&#8221;.<\/p>\n\n\n\n<p>Por \u00faltimo, Sand agreg\u00f3: &#8220;Quiero invitar a las familias a vivir esta celebraci\u00f3n, a disfrutar de los festivales, a traer sus silletas y compartir un espect\u00e1culo con grandes artistas. La Festividad de San Baltasar es una celebraci\u00f3n que tiene una amplia y rica historia para la ciudad y que influy\u00f3 significativamente en nuestra idiosincracia&#8221;.<\/p>\n\n\n\n<p>De esta manera este viernes 3 de enero tendr\u00e1 lugar, desde las 20, en el patio de sala Mors, la inauguraci\u00f3n de una muestra pict\u00f3rica colectiva con la participaci\u00f3n de diez artistas locales. En este marco, habr\u00e1 convite del Porte del Santo, shows de m\u00fasica, arte, danza en vivo y patio gastron\u00f3mico.<\/p>\n\n\n\n<h2 class=\"wp-block-heading\">El temple de los parches, el tradicional ritual del fuego&nbsp;<\/h2>\n\n\n\n<figure class=\"wp-block-image\"><img decoding=\"async\" src=\"https:\/\/www.diarioepoca.com\/content\/bucket\/7\/1404537w380h233c.jpg.webp\" alt=\"\"\/><figcaption class=\"wp-element-caption\">ANTIGUO RITUAL, EL FUEGO TENSA LOS CUEROS DE LOS TAMBORES.<\/figcaption><\/figure>\n\n\n\n<p>Una de las tradiciones de esta festividad de San Baltasar es el temple de los parches. Los ritmistas encienden sus fogatas y alrededor colocan sus instrumentos para tensar los cueros, que ser\u00e1n luego los sonidos caracter\u00edsticos del ritmo al Santo Camb\u00e1.<\/p>\n\n\n\n<p>Este ritual se podr\u00e1 contemplar el domingo desde las 20, en la intersecci\u00f3n de avenida Costanera y calle Edison. En tanto que desde las 21:30 se realizar\u00e1 la marcha de los tambores y el &#8220;bailecito&#8221;, que recorrer\u00e1 las calles Edison, 9 de Julio y San Luis, hasta la Ermita ubicada en el parque Camba Cu\u00e1.<\/p>\n\n\n\n<p>Previo a ello se celebrar\u00e1n las dos jornadas de festival que ser\u00e1n este s\u00e1bado y domingo, desde las 19 en el pilet\u00f3n del parque Camba Cu\u00e1 (ver infograf\u00eda).<\/p>\n\n\n\n<p>A la misma hora, se llevar\u00e1 adelante una retreta en la Ermita de San Baltasar, (San Luis y Pellegrini) a cargo de las bandas de m\u00fasica de la Polic\u00eda y del Servicio Penitenciario. Finalmente, el lunes 6 de enero, celebraci\u00f3n del Santo Camb\u00e1, se realizar\u00e1 desde las 21 la procesi\u00f3n desde la Iglesia La Merced hasta la Ermita del parque Camba Cu\u00e1.<\/p>\n","protected":false},"excerpt":{"rendered":"<p>La celebraci\u00f3n popular, dedicada al &#8220;santo negro&#8221;, iniciar\u00e1 este viernes con una amplia agenda de actividades en Sala Mors. Desde la Municipalidad adem\u00e1s ofrecer\u00e1n espect\u00e1culos en el parque Camba Cu\u00e1.&hellip; <\/p>\n","protected":false},"author":3,"featured_media":182243,"comment_status":"closed","ping_status":"open","sticky":false,"template":"","format":"standard","meta":{"footnotes":""},"categories":[15],"tags":[],"class_list":["post-182230","post","type-post","status-publish","format-standard","has-post-thumbnail","hentry","category-cultura"],"_links":{"self":[{"href":"https:\/\/corrientesdetarde.com\/index.php\/wp-json\/wp\/v2\/posts\/182230","targetHints":{"allow":["GET"]}}],"collection":[{"href":"https:\/\/corrientesdetarde.com\/index.php\/wp-json\/wp\/v2\/posts"}],"about":[{"href":"https:\/\/corrientesdetarde.com\/index.php\/wp-json\/wp\/v2\/types\/post"}],"author":[{"embeddable":true,"href":"https:\/\/corrientesdetarde.com\/index.php\/wp-json\/wp\/v2\/users\/3"}],"replies":[{"embeddable":true,"href":"https:\/\/corrientesdetarde.com\/index.php\/wp-json\/wp\/v2\/comments?post=182230"}],"version-history":[{"count":1,"href":"https:\/\/corrientesdetarde.com\/index.php\/wp-json\/wp\/v2\/posts\/182230\/revisions"}],"predecessor-version":[{"id":182289,"href":"https:\/\/corrientesdetarde.com\/index.php\/wp-json\/wp\/v2\/posts\/182230\/revisions\/182289"}],"wp:featuredmedia":[{"embeddable":true,"href":"https:\/\/corrientesdetarde.com\/index.php\/wp-json\/wp\/v2\/media\/182243"}],"wp:attachment":[{"href":"https:\/\/corrientesdetarde.com\/index.php\/wp-json\/wp\/v2\/media?parent=182230"}],"wp:term":[{"taxonomy":"category","embeddable":true,"href":"https:\/\/corrientesdetarde.com\/index.php\/wp-json\/wp\/v2\/categories?post=182230"},{"taxonomy":"post_tag","embeddable":true,"href":"https:\/\/corrientesdetarde.com\/index.php\/wp-json\/wp\/v2\/tags?post=182230"}],"curies":[{"name":"wp","href":"https:\/\/api.w.org\/{rel}","templated":true}]}}