{"id":182234,"date":"2024-12-31T09:00:17","date_gmt":"2024-12-31T12:00:17","guid":{"rendered":"https:\/\/corrientesdetarde.com\/?p=182234"},"modified":"2024-12-31T09:00:18","modified_gmt":"2024-12-31T12:00:18","slug":"atenciones-en-hospitales-caps-y-servicio-de-emergencias","status":"publish","type":"post","link":"https:\/\/corrientesdetarde.com\/index.php\/destacados\/atenciones-en-hospitales-caps-y-servicio-de-emergencias\/","title":{"rendered":"Atenciones en hospitales, CAPS y servicio de emergencias"},"content":{"rendered":"\n<p>El Ministerio de Salud P\u00fablica dio a conocer que est\u00e1n garantizadas las guardias en los hospitales y Centros de Atenci\u00f3n Primaria de la Salud (CAPS) durante A\u00f1o Nuevo. En cada centro asistencial, los directores coordinan los refuerzos respectivos para asegurar el servicio a la poblaci\u00f3n.<\/p>\n\n\n\n<p>Al respecto, el director general de Gesti\u00f3n Hospitalaria e Instituciones de Salud, Mario Rodr\u00edguez, inform\u00f3 que las guardias est\u00e1n garantizadas y el director de Coordinaci\u00f3n de CAPS Capital, Cristian Sarqu\u00eds, indic\u00f3 que en los Centros de Atenci\u00f3n Primaria de la Salud (CAPS) &#8220;tambi\u00e9n est\u00e1n garantizadas las guardias y articuladas con la Direcci\u00f3n de Emergencias Sanitarias (DES 107)&#8221; y )&#8221; y aclar\u00f3 que los centros que tienen ese servicio &#8220;son los CAPS N\u00b03 (barrio 1.000 Viviendas), 4 (barrio Laguna Seca), 5 (barrio Dr. Monta\u00f1a), 9 (barrio 17 de Agosto), 10 (barrio Molina Punta), y 15 (barrio Pirayu\u00ed 550 Viviendas)&#8221;.<\/p>\n\n\n\n<h2 class=\"wp-block-heading\">IOSCOR, horarios de atenci\u00f3n<\/h2>\n\n\n\n<p>El Instituto de Obra Social de Corrientes (IOSCOR) inform\u00f3 los horarios de atenci\u00f3n a sus afiliados para los meses de enero y febrero. Desde el jueves 2 de enero hasta el viernes 28 de febrero, la Casa Central (ubicada en Ram\u00f3n Carrillo 444) estar\u00e1 abierta desde las 7:15 hasta las 12:45.<\/p>\n\n\n\n<p>En tanto, la \u00f3ptica funcionar\u00e1 de 8:15 a 15:30 y el servicio oftalmol\u00f3gico de 14 a 17. Este \u00faltimo con turno previo al celular 3794-627385. Ambos en el edificio de Uruguay 851.<\/p>\n","protected":false},"excerpt":{"rendered":"<p>El Ministerio de Salud P\u00fablica dio a conocer que est\u00e1n garantizadas las guardias en los hospitales y Centros de Atenci\u00f3n Primaria de la Salud (CAPS) durante A\u00f1o Nuevo. En cada&hellip; <\/p>\n","protected":false},"author":3,"featured_media":182241,"comment_status":"closed","ping_status":"open","sticky":false,"template":"","format":"standard","meta":{"footnotes":""},"categories":[26],"tags":[],"class_list":["post-182234","post","type-post","status-publish","format-standard","has-post-thumbnail","hentry","category-destacados"],"_links":{"self":[{"href":"https:\/\/corrientesdetarde.com\/index.php\/wp-json\/wp\/v2\/posts\/182234","targetHints":{"allow":["GET"]}}],"collection":[{"href":"https:\/\/corrientesdetarde.com\/index.php\/wp-json\/wp\/v2\/posts"}],"about":[{"href":"https:\/\/corrientesdetarde.com\/index.php\/wp-json\/wp\/v2\/types\/post"}],"author":[{"embeddable":true,"href":"https:\/\/corrientesdetarde.com\/index.php\/wp-json\/wp\/v2\/users\/3"}],"replies":[{"embeddable":true,"href":"https:\/\/corrientesdetarde.com\/index.php\/wp-json\/wp\/v2\/comments?post=182234"}],"version-history":[{"count":1,"href":"https:\/\/corrientesdetarde.com\/index.php\/wp-json\/wp\/v2\/posts\/182234\/revisions"}],"predecessor-version":[{"id":182287,"href":"https:\/\/corrientesdetarde.com\/index.php\/wp-json\/wp\/v2\/posts\/182234\/revisions\/182287"}],"wp:featuredmedia":[{"embeddable":true,"href":"https:\/\/corrientesdetarde.com\/index.php\/wp-json\/wp\/v2\/media\/182241"}],"wp:attachment":[{"href":"https:\/\/corrientesdetarde.com\/index.php\/wp-json\/wp\/v2\/media?parent=182234"}],"wp:term":[{"taxonomy":"category","embeddable":true,"href":"https:\/\/corrientesdetarde.com\/index.php\/wp-json\/wp\/v2\/categories?post=182234"},{"taxonomy":"post_tag","embeddable":true,"href":"https:\/\/corrientesdetarde.com\/index.php\/wp-json\/wp\/v2\/tags?post=182234"}],"curies":[{"name":"wp","href":"https:\/\/api.w.org\/{rel}","templated":true}]}}