{"id":182238,"date":"2024-12-31T09:00:08","date_gmt":"2024-12-31T12:00:08","guid":{"rendered":"https:\/\/corrientesdetarde.com\/?p=182238"},"modified":"2024-12-31T09:00:14","modified_gmt":"2024-12-31T12:00:14","slug":"recoleccion-de-residuos-y-operatoria-de-servicios-municipales","status":"publish","type":"post","link":"https:\/\/corrientesdetarde.com\/index.php\/destacados\/recoleccion-de-residuos-y-operatoria-de-servicios-municipales\/","title":{"rendered":"Recolecci\u00f3n de residuos y operatoria de servicios municipales"},"content":{"rendered":"\n<p>La administraci\u00f3n capitalina dio a conocer c\u00f3mo funcionar\u00e1n sus principales \u00e1reas durante este \u00faltimo d\u00eda del a\u00f1o.<\/p>\n\n\n\n<p>En cuanto a la recolecci\u00f3n de residuos de hoy se adelantar\u00e1 el servicio en las zonas donde los camiones pasan en turno noche, por lo que los vecinos deber\u00e1n sacar la basura domiciliaria a partir de las 14; mientras que ma\u00f1ana no habr\u00e1 prestaciones.<\/p>\n\n\n\n<p>Por su parte, la recolecci\u00f3n domiciliaria que se cumple en determinados barrios de la ciudad, se llevar\u00e1 adelante en los mismos d\u00edas y horarios. Tambi\u00e9n ser\u00e1 normal el funcionamiento de los Puntos Verdes.<\/p>\n\n\n\n<p>En cuanto al estacionamiento medido, el \u00e1rea a cargo inform\u00f3 que hoy solo se cobrar\u00e1 estacionamiento medido por la ma\u00f1ana; mientras que el 25 de diciembre y el 1 de enero no habr\u00e1 cobro por ser feriado.<\/p>\n\n\n\n<p>La Agencia Correntina de Recaudaci\u00f3n (ACOR) no atender\u00e1 al p\u00fablico en el edificio de avenida La Paz al 2400 hoy y ma\u00f1ana. De igual modo, precisaron que los restantes d\u00edas de feria abrir\u00e1 sus puertas normalmente. Comunicaron adem\u00e1s que hoy no habr\u00e1 Ferias de la Ciudad.<\/p>\n\n\n\n<p>Las Salas de Atenci\u00f3n Primaria de la Salud (SAPS) funcionar\u00e1n durante la feria en d\u00edas y horarios habituales, con excepci\u00f3n de hoy 31 de diciembre (que no habr\u00e1 atenci\u00f3n).<\/p>\n","protected":false},"excerpt":{"rendered":"<p>La administraci\u00f3n capitalina dio a conocer c\u00f3mo funcionar\u00e1n sus principales \u00e1reas durante este \u00faltimo d\u00eda del a\u00f1o. En cuanto a la recolecci\u00f3n de residuos de hoy se adelantar\u00e1 el servicio&hellip; <\/p>\n","protected":false},"author":3,"featured_media":182239,"comment_status":"closed","ping_status":"open","sticky":false,"template":"","format":"standard","meta":{"footnotes":""},"categories":[26],"tags":[],"class_list":["post-182238","post","type-post","status-publish","format-standard","has-post-thumbnail","hentry","category-destacados"],"_links":{"self":[{"href":"https:\/\/corrientesdetarde.com\/index.php\/wp-json\/wp\/v2\/posts\/182238","targetHints":{"allow":["GET"]}}],"collection":[{"href":"https:\/\/corrientesdetarde.com\/index.php\/wp-json\/wp\/v2\/posts"}],"about":[{"href":"https:\/\/corrientesdetarde.com\/index.php\/wp-json\/wp\/v2\/types\/post"}],"author":[{"embeddable":true,"href":"https:\/\/corrientesdetarde.com\/index.php\/wp-json\/wp\/v2\/users\/3"}],"replies":[{"embeddable":true,"href":"https:\/\/corrientesdetarde.com\/index.php\/wp-json\/wp\/v2\/comments?post=182238"}],"version-history":[{"count":1,"href":"https:\/\/corrientesdetarde.com\/index.php\/wp-json\/wp\/v2\/posts\/182238\/revisions"}],"predecessor-version":[{"id":182285,"href":"https:\/\/corrientesdetarde.com\/index.php\/wp-json\/wp\/v2\/posts\/182238\/revisions\/182285"}],"wp:featuredmedia":[{"embeddable":true,"href":"https:\/\/corrientesdetarde.com\/index.php\/wp-json\/wp\/v2\/media\/182239"}],"wp:attachment":[{"href":"https:\/\/corrientesdetarde.com\/index.php\/wp-json\/wp\/v2\/media?parent=182238"}],"wp:term":[{"taxonomy":"category","embeddable":true,"href":"https:\/\/corrientesdetarde.com\/index.php\/wp-json\/wp\/v2\/categories?post=182238"},{"taxonomy":"post_tag","embeddable":true,"href":"https:\/\/corrientesdetarde.com\/index.php\/wp-json\/wp\/v2\/tags?post=182238"}],"curies":[{"name":"wp","href":"https:\/\/api.w.org\/{rel}","templated":true}]}}