{"id":182254,"date":"2024-12-31T10:00:17","date_gmt":"2024-12-31T13:00:17","guid":{"rendered":"https:\/\/corrientesdetarde.com\/?p=182254"},"modified":"2024-12-31T10:00:18","modified_gmt":"2024-12-31T13:00:18","slug":"cavani-no-dejo-dudas-sobre-su-futuro-y-confirmo-que-su-deseo-es-retirarse-en-boca","status":"publish","type":"post","link":"https:\/\/corrientesdetarde.com\/index.php\/deportes\/cavani-no-dejo-dudas-sobre-su-futuro-y-confirmo-que-su-deseo-es-retirarse-en-boca\/","title":{"rendered":"Cavani no dej\u00f3 dudas sobre su futuro y confirm\u00f3 que su deseo es retirarse en Boca"},"content":{"rendered":"\n<p>El delantero uruguayo que tiene v\u00ednculo hasta 2026 en el Xeneize, dio detalles de su retiro como profesional.<\/p>\n\n\n\n<p>Edinson Cavani, delantero de Boca, expres\u00f3 este domingo su deseo de retirarse del f\u00fatbol profesional en la entidad de La Ribera, ya que &#8220;es una experiencia incre\u00edble&#8221; y, dej\u00f3 de lado la chance de hacerlo en Nacional o Danubio de Uruguay.<\/p>\n\n\n\n<p>&#8220;Yo ya coment\u00e9 que iba a terminar mi carrera en Boca y eso creo que lo voy a respetar&#8221;, coment\u00f3 el goleador uruguayo para un medio de su pa\u00eds natal.<\/p>\n\n\n\n<p>Adem\u00e1s, el atacante de 37 a\u00f1os, agreg\u00f3: &#8220;Como lo dije el primer d\u00eda, es una experiencia incre\u00edble la que me toca vivir. La disfruto, es de mucha responsabilidad, pero la disfruto. Por eso trato de dar siempre lo mejor para que todo funcione&#8221;.<\/p>\n\n\n\n<p>Por otra lado, Cavani hizo hincapi\u00e9 en que &#8220;hay que preparar bien el 2025&#8221;, ya que en la temporada que avecina el Xeneize afrontar\u00e1 la Fase 2 previa de la Copa Libertadores, el campeonato local y Mundial de Clubes 2025 de Estados Unidos. &#8220;Lo venimos preparando bien&#8221;, expres\u00f3.<\/p>\n\n\n\n<p>Cavani, que arrib\u00f3 a mediados de 2023, fue de menor a mayor y en 2024 logr\u00f3 consolidarse como una de las figuras del equipo, ya que convirti\u00f3 20 goles en 39 partidos entre los torneos locales y la Copa Sudamericana.<\/p>\n\n\n\n<p>En octubre renov\u00f3 su v\u00ednculo por un a\u00f1o m\u00e1s, hasta diciembre de 2026, fecha que ser\u00eda su retiro del f\u00fatbol profesional.<\/p>\n","protected":false},"excerpt":{"rendered":"<p>El delantero uruguayo que tiene v\u00ednculo hasta 2026 en el Xeneize, dio detalles de su retiro como profesional. Edinson Cavani, delantero de Boca, expres\u00f3 este domingo su deseo de retirarse&hellip; <\/p>\n","protected":false},"author":3,"featured_media":182277,"comment_status":"closed","ping_status":"open","sticky":false,"template":"","format":"standard","meta":{"footnotes":""},"categories":[4],"tags":[],"class_list":["post-182254","post","type-post","status-publish","format-standard","has-post-thumbnail","hentry","category-deportes"],"_links":{"self":[{"href":"https:\/\/corrientesdetarde.com\/index.php\/wp-json\/wp\/v2\/posts\/182254","targetHints":{"allow":["GET"]}}],"collection":[{"href":"https:\/\/corrientesdetarde.com\/index.php\/wp-json\/wp\/v2\/posts"}],"about":[{"href":"https:\/\/corrientesdetarde.com\/index.php\/wp-json\/wp\/v2\/types\/post"}],"author":[{"embeddable":true,"href":"https:\/\/corrientesdetarde.com\/index.php\/wp-json\/wp\/v2\/users\/3"}],"replies":[{"embeddable":true,"href":"https:\/\/corrientesdetarde.com\/index.php\/wp-json\/wp\/v2\/comments?post=182254"}],"version-history":[{"count":1,"href":"https:\/\/corrientesdetarde.com\/index.php\/wp-json\/wp\/v2\/posts\/182254\/revisions"}],"predecessor-version":[{"id":182298,"href":"https:\/\/corrientesdetarde.com\/index.php\/wp-json\/wp\/v2\/posts\/182254\/revisions\/182298"}],"wp:featuredmedia":[{"embeddable":true,"href":"https:\/\/corrientesdetarde.com\/index.php\/wp-json\/wp\/v2\/media\/182277"}],"wp:attachment":[{"href":"https:\/\/corrientesdetarde.com\/index.php\/wp-json\/wp\/v2\/media?parent=182254"}],"wp:term":[{"taxonomy":"category","embeddable":true,"href":"https:\/\/corrientesdetarde.com\/index.php\/wp-json\/wp\/v2\/categories?post=182254"},{"taxonomy":"post_tag","embeddable":true,"href":"https:\/\/corrientesdetarde.com\/index.php\/wp-json\/wp\/v2\/tags?post=182254"}],"curies":[{"name":"wp","href":"https:\/\/api.w.org\/{rel}","templated":true}]}}