{"id":182256,"date":"2024-12-31T10:00:15","date_gmt":"2024-12-31T13:00:15","guid":{"rendered":"https:\/\/corrientesdetarde.com\/?p=182256"},"modified":"2024-12-31T10:00:16","modified_gmt":"2024-12-31T13:00:16","slug":"suecia-prohibira-los-matrimonios-entre-primos","status":"publish","type":"post","link":"https:\/\/corrientesdetarde.com\/index.php\/informacion-general\/suecia-prohibira-los-matrimonios-entre-primos\/","title":{"rendered":"Suecia prohibir\u00e1 los matrimonios entre primos"},"content":{"rendered":"\n<p>El Parlamento sueco planea votar en 2025 la ley que busca combatir opresi\u00f3n social y riesgos gen\u00e9ticos, con entrada en vigor programada para 2026.<a href=\"https:\/\/api.whatsapp.com\/send?text=Suecia%20prohibir%C3%A1%20los%20matrimonios%20entre%20primos%20-%20https:\/\/www.diarioepoca.com\/1341876-suecia-prohibira-los-matrimonios-entre-primos?utm_source=WhatsApp%26utm_medium=WhatsApp%26utm_campaign=WhatsApp%26utm_term=WhatsApp\" target=\"_blank\" rel=\"noreferrer noopener\"><\/a><a href=\"https:\/\/www.diarioepoca.com\/1341876-suecia-prohibira-los-matrimonios-entre-primos#\"><\/a><a href=\"https:\/\/www.diarioepoca.com\/1341876-suecia-prohibira-los-matrimonios-entre-primos#\"><\/a><\/p>\n\n\n\n<p>El gobierno sueco avanza con un proyecto legislativo para prohibir los matrimonios entre primos, con el objetivo de combatir problem\u00e1ticas sociales como la opresi\u00f3n de honor y los riesgos gen\u00e9ticos asociados a estas uniones. Esta iniciativa, respaldada por una mayor\u00eda parlamentaria, est\u00e1 programada para ser votada en la primavera boreal de 2025 y entrar\u00eda en vigor en julio de 2026, marcando un cambio en las normativas familiares del pa\u00eds.<\/p>\n\n\n\n<p>El ministro de Justicia, Gunnar Str\u00f6mmer, describi\u00f3 el trasfondo de esta medida legislativa, se\u00f1alando que &#8220;la violencia y la opresi\u00f3n relacionadas con el honor son un problema social importante&#8221;. Seg\u00fan el gobierno, los matrimonios entre primos suelen estar vinculados a pr\u00e1cticas arraigadas en algunas culturas inmigrantes, donde las familias arreglan estas uniones como una forma de control social y econ\u00f3mico. Esto, afirm\u00f3 Str\u00f6mmer, constituye una violaci\u00f3n de los derechos fundamentales de las personas involucradas\u200b\u200b.<\/p>\n\n\n\n<p>Adem\u00e1s de abordar problemas de opresi\u00f3n, los defensores de la propuesta subrayan los riesgos gen\u00e9ticos que representan los matrimonios entre primos. Estudios internacionales han demostrado que estas uniones incrementan la probabilidad de enfermedades cong\u00e9nitas en los hijos, un factor que se cit\u00f3 como motivaci\u00f3n adicional por parte de los legisladores suecos\u200b.<\/p>\n\n\n\n<p>La nueva ley prohibir\u00eda tanto los matrimonios entre primos como las uniones entre otros familiares cercanos, como t\u00edos y sobrinos biol\u00f3gicos. Esto ampl\u00eda las restricciones existentes en Suecia, donde ya es ilegal el matrimonio entre padres e hijos o entre hermanos, aunque se permiten excepciones para medios hermanos si obtienen una dispensa\u200b.<\/p>\n\n\n\n<p>La propuesta tambi\u00e9n abarca las uniones celebradas en el extranjero: los matrimonios entre primos realizados fuera de Suecia dejar\u00edan de ser reconocidos legalmente en el pa\u00eds. No obstante, aquellas uniones formalizadas antes de la entrada en vigor de la ley, prevista para el 1 de julio de 2026, seguir\u00e1n siendo v\u00e1lidas\u200b.<\/p>\n\n\n\n<p>El proyecto cuenta con un apoyo sustancial en el Parlamento sueco. Los Dem\u00f3cratas Suecos, aliados clave del gobierno en funciones, incluyeron esta iniciativa en el acuerdo de coalici\u00f3n conocido como &#8220;Acuerdo de Tid\u00f6&#8221;. Adem\u00e1s, partidos de oposici\u00f3n como los Verdes, la Izquierda y el Centro han manifestado su apoyo, garantizando cerca del 75% de los votos necesarios para su aprobaci\u00f3n. Aunque los Socialdem\u00f3cratas a\u00fan no han definido su posici\u00f3n, su oposici\u00f3n no afectar\u00eda el resultado final, dado el amplio consenso alcanzado\u200b.<\/p>\n\n\n\n<p><strong>Perspectiva social: impacto en las comunidades inmigrantes<\/strong><\/p>\n\n\n\n<p>Seg\u00fan Anne Kuttenkeuler, consejera y vicepresidenta del Tribunal de Apelaciones de Svea, los matrimonios entre primos son m\u00e1s comunes entre inmigrantes provenientes de regiones como Medio Oriente, \u00c1frica del Norte, Egipto, Afganist\u00e1n y Siria. A pesar de su prevalencia en estas comunidades, el n\u00famero total de personas casadas con primos en Suecia se estima en 140-150 individuos\u200b.<\/p>\n\n\n\n<p>Kuttenkeuler destac\u00f3 que, aunque un veto no erradicar\u00eda completamente esta pr\u00e1ctica, enviar\u00eda un mensaje contundente contra estas restricciones a la libertad personal. Adem\u00e1s, la ley podr\u00eda empoderar a mujeres j\u00f3venes que enfrentan presiones familiares para rechazar matrimonios arreglados. &#8220;Incluso si los matrimonios informales contin\u00faan, un veto es una se\u00f1al clara de que la sociedad no est\u00e1 de acuerdo con este tipo de l\u00edmites a la libertad&#8221;, afirm\u00f3\u200b.<\/p>\n\n\n\n<p>Dentro de la Uni\u00f3n Europea, las prohibiciones de este tipo son inusuales, pero Noruega implement\u00f3 una ley similar en 2022. La decisi\u00f3n sueca podr\u00eda sentar un precedente en la regi\u00f3n, estimulando debates sobre los derechos individuales y las pol\u00edticas de integraci\u00f3n cultural en otros pa\u00edses miembros del bloque europeo\u200b.<\/p>\n\n\n\n<p>Aunque la propuesta tiene como objetivo principal salvaguardar los derechos y libertades individuales, no est\u00e1 exenta de desaf\u00edos. Expertos advirtieron que familias y comunidades que practican matrimonios entre primos podr\u00edan continuar celebrando uniones informales que no ser\u00edan reconocidas legalmente en Suecia.<\/p>\n","protected":false},"excerpt":{"rendered":"<p>El Parlamento sueco planea votar en 2025 la ley que busca combatir opresi\u00f3n social y riesgos gen\u00e9ticos, con entrada en vigor programada para 2026. El gobierno sueco avanza con un&hellip; <\/p>\n","protected":false},"author":3,"featured_media":182276,"comment_status":"closed","ping_status":"open","sticky":false,"template":"","format":"standard","meta":{"footnotes":""},"categories":[1],"tags":[],"class_list":["post-182256","post","type-post","status-publish","format-standard","has-post-thumbnail","hentry","category-informacion-general"],"_links":{"self":[{"href":"https:\/\/corrientesdetarde.com\/index.php\/wp-json\/wp\/v2\/posts\/182256","targetHints":{"allow":["GET"]}}],"collection":[{"href":"https:\/\/corrientesdetarde.com\/index.php\/wp-json\/wp\/v2\/posts"}],"about":[{"href":"https:\/\/corrientesdetarde.com\/index.php\/wp-json\/wp\/v2\/types\/post"}],"author":[{"embeddable":true,"href":"https:\/\/corrientesdetarde.com\/index.php\/wp-json\/wp\/v2\/users\/3"}],"replies":[{"embeddable":true,"href":"https:\/\/corrientesdetarde.com\/index.php\/wp-json\/wp\/v2\/comments?post=182256"}],"version-history":[{"count":1,"href":"https:\/\/corrientesdetarde.com\/index.php\/wp-json\/wp\/v2\/posts\/182256\/revisions"}],"predecessor-version":[{"id":182296,"href":"https:\/\/corrientesdetarde.com\/index.php\/wp-json\/wp\/v2\/posts\/182256\/revisions\/182296"}],"wp:featuredmedia":[{"embeddable":true,"href":"https:\/\/corrientesdetarde.com\/index.php\/wp-json\/wp\/v2\/media\/182276"}],"wp:attachment":[{"href":"https:\/\/corrientesdetarde.com\/index.php\/wp-json\/wp\/v2\/media?parent=182256"}],"wp:term":[{"taxonomy":"category","embeddable":true,"href":"https:\/\/corrientesdetarde.com\/index.php\/wp-json\/wp\/v2\/categories?post=182256"},{"taxonomy":"post_tag","embeddable":true,"href":"https:\/\/corrientesdetarde.com\/index.php\/wp-json\/wp\/v2\/tags?post=182256"}],"curies":[{"name":"wp","href":"https:\/\/api.w.org\/{rel}","templated":true}]}}