{"id":182258,"date":"2024-12-31T10:00:12","date_gmt":"2024-12-31T13:00:12","guid":{"rendered":"https:\/\/corrientesdetarde.com\/?p=182258"},"modified":"2024-12-31T10:00:13","modified_gmt":"2024-12-31T13:00:13","slug":"dengue-el-peligro-de-cada-verano-piden-intensificar-prevencion","status":"publish","type":"post","link":"https:\/\/corrientesdetarde.com\/index.php\/bienestar-y-salud\/dengue-el-peligro-de-cada-verano-piden-intensificar-prevencion\/","title":{"rendered":"Dengue, el peligro de cada verano: piden intensificar prevenci\u00f3n"},"content":{"rendered":"\n<p>El movimiento de personas generado por las fiestas de fin de a\u00f1o y el comienzo del receso estival es un terreno propicio para la circulaci\u00f3n viral de esa enfermedad. Epidemiolog\u00eda brind\u00f3 recomendaciones a viajeros y turistas; adem\u00e1s record\u00f3 medidas para eliminar criaderos.<\/p>\n\n\n\n<p>La llegada de la temporada m\u00e1s c\u00e1lida del a\u00f1o, el movimiento generado por las fiestas de fin de a\u00f1o y la circulaci\u00f3n tur\u00edstica habitual de cada receso estival son un contexto muy proclive a la diseminaci\u00f3n del dengue, una enfermedad que es &#8220;figurita repetida&#8221; de cada verano en las provincias de esta regi\u00f3n del pa\u00eds.<\/p>\n\n\n\n<p>Es por ello que la Direcci\u00f3n de Epidemiolog\u00eda del Ministerio de Salud P\u00fablica impulsa que se tomen medidas de prevenci\u00f3n y tambi\u00e9n recuerda las tareas que se deben intensificar en los hogares para la eliminaci\u00f3n de criaderos del mosquito vector, el aedes aegypti.<\/p>\n\n\n\n<p>&#8220;El movimiento de la poblaci\u00f3n que se espera por las fiestas de fin de a\u00f1o y vacaciones va generado un aumento del riesgo de circulaci\u00f3n viral en toda la provincia. Turistas y familiares ingresando a Corrientes de zonas de circulaci\u00f3n viral, as\u00ed como correntinos yendo a \u00e1reas de riesgo, m\u00e1s la presencia del vector y el cambio clim\u00e1tico, son propicios para la presencia de incrementos&#8221;, dijo la titular de Epidemiolog\u00eda, Angelina Bobadilla.<\/p>\n\n\n\n<p>Desde Salud P\u00fablica insisten, casi como un leit motiv que la persona que viaja a zonas donde hay registro de casos de dengue, &#8220;debe usar repelente&#8221;.<\/p>\n\n\n\n<h2 class=\"wp-block-heading\">En la casa<\/h2>\n\n\n\n<p>A nivel hogare\u00f1o, Bobadilla record\u00f3 que es fundamental vaciar, limpiar y cubrir todos los objetos que puedan acumular agua estancada, como macetas, neum\u00e1ticos, recipientes de agua, entre otros.<\/p>\n\n\n\n<p>Adem\u00e1s de eliminar los criaderos de mosquitos, se recomienda el uso diario y frecuente de repelentes en la piel y en la ropa (preferentemente de mangas largas y pantalones largos); colocar mosquiteros en puertas y ventanas para evitar el ingreso de los mosquitos al domicilio; cambiar el agua de bebederos y floreros con frecuencia; y mantener limpios los desag\u00fces y canaletas para evitar la acumulaci\u00f3n de agua.<\/p>\n\n\n\n<h2 class=\"wp-block-heading\">Capacitaciones y actualizaciones<\/h2>\n\n\n\n<p>Bobadilla sostuvo que desde Salud P\u00fablica siguen trabajando ante un posible brote. Esta planificaci\u00f3n incluye: capacitaciones y actualizaciones a los equipos de salud, bloqueos vectoriales con recorrido de la zona, relevamiento, b\u00fasqueda de febriles, fumigaci\u00f3n y control larvario, tareas de descacharrado junto a los municipios y otras instituciones locales. Adem\u00e1s de difusi\u00f3n de medidas de prevenci\u00f3n y recorrida casa por casa de los agentes sanitarios recordando los cuidados.<\/p>\n","protected":false},"excerpt":{"rendered":"<p>El movimiento de personas generado por las fiestas de fin de a\u00f1o y el comienzo del receso estival es un terreno propicio para la circulaci\u00f3n viral de esa enfermedad. Epidemiolog\u00eda&hellip; <\/p>\n","protected":false},"author":3,"featured_media":182275,"comment_status":"closed","ping_status":"open","sticky":false,"template":"","format":"standard","meta":{"footnotes":""},"categories":[16],"tags":[],"class_list":["post-182258","post","type-post","status-publish","format-standard","has-post-thumbnail","hentry","category-bienestar-y-salud"],"_links":{"self":[{"href":"https:\/\/corrientesdetarde.com\/index.php\/wp-json\/wp\/v2\/posts\/182258","targetHints":{"allow":["GET"]}}],"collection":[{"href":"https:\/\/corrientesdetarde.com\/index.php\/wp-json\/wp\/v2\/posts"}],"about":[{"href":"https:\/\/corrientesdetarde.com\/index.php\/wp-json\/wp\/v2\/types\/post"}],"author":[{"embeddable":true,"href":"https:\/\/corrientesdetarde.com\/index.php\/wp-json\/wp\/v2\/users\/3"}],"replies":[{"embeddable":true,"href":"https:\/\/corrientesdetarde.com\/index.php\/wp-json\/wp\/v2\/comments?post=182258"}],"version-history":[{"count":1,"href":"https:\/\/corrientesdetarde.com\/index.php\/wp-json\/wp\/v2\/posts\/182258\/revisions"}],"predecessor-version":[{"id":182295,"href":"https:\/\/corrientesdetarde.com\/index.php\/wp-json\/wp\/v2\/posts\/182258\/revisions\/182295"}],"wp:featuredmedia":[{"embeddable":true,"href":"https:\/\/corrientesdetarde.com\/index.php\/wp-json\/wp\/v2\/media\/182275"}],"wp:attachment":[{"href":"https:\/\/corrientesdetarde.com\/index.php\/wp-json\/wp\/v2\/media?parent=182258"}],"wp:term":[{"taxonomy":"category","embeddable":true,"href":"https:\/\/corrientesdetarde.com\/index.php\/wp-json\/wp\/v2\/categories?post=182258"},{"taxonomy":"post_tag","embeddable":true,"href":"https:\/\/corrientesdetarde.com\/index.php\/wp-json\/wp\/v2\/tags?post=182258"}],"curies":[{"name":"wp","href":"https:\/\/api.w.org\/{rel}","templated":true}]}}