{"id":182260,"date":"2024-12-31T10:00:06","date_gmt":"2024-12-31T13:00:06","guid":{"rendered":"https:\/\/corrientesdetarde.com\/?p=182260"},"modified":"2024-12-31T10:00:18","modified_gmt":"2024-12-31T13:00:18","slug":"copacabana-por-la-junin","status":"publish","type":"post","link":"https:\/\/corrientesdetarde.com\/index.php\/informacion-general\/copacabana-por-la-junin\/","title":{"rendered":"Copacabana por la Jun\u00edn"},"content":{"rendered":"\n<p>El Ministerio de Salud P\u00fablica dio a conocer que est\u00e1n garantizadas las guardias en los hospitales y Centros de Atenci\u00f3n Primaria de la Salud (CAPS) durante A\u00f1o Nuevo. En cada centro asistencial, los directores coordinan los refuerzos respectivos para asegurar el servicio a la poblaci\u00f3n.<\/p>\n\n\n\n<p>El recorrido comenz\u00f3 despu\u00e9s a las 18 en la plaza Sargento Cabral y culmin\u00f3 en la plaza Juan de Vera cerca de las 20:30.<\/p>\n\n\n\n<p>Durante su pasada, los representantes llevaron el ritmo, color y alegr\u00eda de los carnavales como un anticipo a lo que se vivir\u00e1 en febrero en el cors\u00f3dromo Nolo Al\u00edas.<\/p>\n\n\n\n<figure class=\"wp-block-image\"><img decoding=\"async\" src=\"https:\/\/www.diarioepoca.com\/content\/bucket\/9\/1404559w380h342c.jpg.webp\" alt=\"\"\/><\/figure>\n\n\n\n<p>Los peatones debieron abrirse paso para dejar desfilar a un centenar de integrantes que mostraron un adelanto de lo que dejar\u00e1n en la pista. Samba Total, Ar\u00e1 Ber\u00e1 y Sapucay fueron algunas de las que ya cumplieron con esta tradici\u00f3n.<\/p>\n","protected":false},"excerpt":{"rendered":"<p>El Ministerio de Salud P\u00fablica dio a conocer que est\u00e1n garantizadas las guardias en los hospitales y Centros de Atenci\u00f3n Primaria de la Salud (CAPS) durante A\u00f1o Nuevo. En cada&hellip; <\/p>\n","protected":false},"author":3,"featured_media":182273,"comment_status":"closed","ping_status":"open","sticky":false,"template":"","format":"standard","meta":{"footnotes":""},"categories":[1],"tags":[],"class_list":["post-182260","post","type-post","status-publish","format-standard","has-post-thumbnail","hentry","category-informacion-general"],"_links":{"self":[{"href":"https:\/\/corrientesdetarde.com\/index.php\/wp-json\/wp\/v2\/posts\/182260","targetHints":{"allow":["GET"]}}],"collection":[{"href":"https:\/\/corrientesdetarde.com\/index.php\/wp-json\/wp\/v2\/posts"}],"about":[{"href":"https:\/\/corrientesdetarde.com\/index.php\/wp-json\/wp\/v2\/types\/post"}],"author":[{"embeddable":true,"href":"https:\/\/corrientesdetarde.com\/index.php\/wp-json\/wp\/v2\/users\/3"}],"replies":[{"embeddable":true,"href":"https:\/\/corrientesdetarde.com\/index.php\/wp-json\/wp\/v2\/comments?post=182260"}],"version-history":[{"count":1,"href":"https:\/\/corrientesdetarde.com\/index.php\/wp-json\/wp\/v2\/posts\/182260\/revisions"}],"predecessor-version":[{"id":182297,"href":"https:\/\/corrientesdetarde.com\/index.php\/wp-json\/wp\/v2\/posts\/182260\/revisions\/182297"}],"wp:featuredmedia":[{"embeddable":true,"href":"https:\/\/corrientesdetarde.com\/index.php\/wp-json\/wp\/v2\/media\/182273"}],"wp:attachment":[{"href":"https:\/\/corrientesdetarde.com\/index.php\/wp-json\/wp\/v2\/media?parent=182260"}],"wp:term":[{"taxonomy":"category","embeddable":true,"href":"https:\/\/corrientesdetarde.com\/index.php\/wp-json\/wp\/v2\/categories?post=182260"},{"taxonomy":"post_tag","embeddable":true,"href":"https:\/\/corrientesdetarde.com\/index.php\/wp-json\/wp\/v2\/tags?post=182260"}],"curies":[{"name":"wp","href":"https:\/\/api.w.org\/{rel}","templated":true}]}}