{"id":182262,"date":"2024-12-31T10:00:09","date_gmt":"2024-12-31T13:00:09","guid":{"rendered":"https:\/\/corrientesdetarde.com\/?p=182262"},"modified":"2024-12-31T10:00:10","modified_gmt":"2024-12-31T13:00:10","slug":"el-ballet-oficial-prepara-su-avio-del-alma-para-celebrar-la-fiesta","status":"publish","type":"post","link":"https:\/\/corrientesdetarde.com\/index.php\/cultura\/el-ballet-oficial-prepara-su-avio-del-alma-para-celebrar-la-fiesta\/","title":{"rendered":"El Ballet Oficial prepara su &#8220;Av\u00edo del alma&#8221; para celebrar la fiesta"},"content":{"rendered":"\n<p>La compa\u00f1\u00eda integrada por 40 bailarines intervendr\u00e1 en la celebraci\u00f3n con siete propuestas coreogr\u00e1ficas. La intenci\u00f3n ser\u00e1 representar el concepto del evento con distintas obras que representar\u00e1n diferentes miradas de la correntinidad, en el escenario del Cocomarola.<\/p>\n\n\n\n<p>Uno de los espect\u00e1culos esperados en el marco de la Fiesta Nacional del Chamam\u00e9 es la propuesta coreogr\u00e1fica que presenta en cada edici\u00f3n el Ballet Oficial y este a\u00f1o no ser\u00e1 la excepci\u00f3n. Tal como lo adelant\u00f3 su director Luis Marinoni a este medio, la idea gira en la interpretaci\u00f3n del concepto &#8220;Chamam\u00e9: Av\u00edo del alma&#8221;, desde distintas \u00f3pticas del genuino sentimiento chamamecero.<\/p>\n\n\n\n<p>Mientras desde el Instituto de Cultura de la provincia avanzan en los preparativos del anfiteatro Mario Cocomarola para la Fiesta Grande, a desarrollarse del 17 al 26 de enero de 2025, los integrantes de esta compa\u00f1\u00eda de danza contin\u00faan con los ensayos.<\/p>\n\n\n\n<p>Desde la producci\u00f3n del ballet de la fiesta informaron que hasta el 9 de enero los preparativos se realizar\u00e1n en el Instituto Salesiano y luego continuar\u00e1n en el Colegio P\u00edo XI (Costanera), hasta el inicio de la celebraci\u00f3n.<\/p>\n\n\n\n<p>&#8220;Desde las obras a presentar vamos a trabajar diferentes aspectos del concepto \u0091Av\u00edo del alma\u0092, como por ejemplo la religiosidad, el paisaje, la historia, la memoria, la actualidad y el futuro de la identidad correntina&#8221;, expres\u00f3 Marinoni a \u00e9poca. En este contexto, refiri\u00f3 que ser\u00e1n siete propuestas distintas sobre las emociones y sentimientos del chamamecero. Aqu\u00ed te presentamos una breve descripci\u00f3n de cada una de las intervenciones que tendr\u00e1 el Ballet Oficial en la Fiesta Nacional del Chamam\u00e9;Previous<\/p>\n\n\n\n<figure class=\"wp-block-image\"><img decoding=\"async\" src=\"https:\/\/www.diarioepoca.com\/content\/bucket\/6\/1404436h720.jpg.webp\" alt=\"EPC301224-010F02.JPG\"\/><\/figure>\n\n\n\n<figure class=\"wp-block-image\"><img decoding=\"async\" src=\"https:\/\/www.diarioepoca.com\/content\/bucket\/7\/1404437h720.jpg.webp\" alt=\"EPC301224-010F03.JPG\"\/><\/figure>\n\n\n\n<figure class=\"wp-block-image\"><img decoding=\"async\" src=\"https:\/\/www.diarioepoca.com\/content\/bucket\/8\/1404438h720.jpg.webp\" alt=\"EPC301224-011F01.JPG\"\/><\/figure>\n\n\n\n<p>Next<\/p>\n\n\n\n<h2 class=\"wp-block-heading\">Mencho correntino \u0096 Homenaje, nobleza y herencia<\/h2>\n\n\n\n<p>Es una de las obras coreogr\u00e1ficas m\u00e1s ovacionadas, con tanta magia, rodeada de piales (arrojar el lazo para atar al animal) y andares del campo adentro correntino. Invita a entrar al mundo de las jineteadas para justificar las leyes del adentro y la manera de ser (\u00f1anderek\u00f3) de la gente de a caballo.<\/p>\n\n\n\n<p>Las espuelas suenan al comp\u00e1s del chamam\u00e9, amanecer naranja de paisajes como un remanso en las orillas de los esteros y el zapateado que abre la cancha con juegos y divertimentos de los hombres nobles del campo.<\/p>\n\n\n\n<p>La obra del Mencho Correntino es un tributo a la sangre visceral del pueblo, tiene polvo de las bailantas de tierra y amor\u00edos alegres de dichos candorosos y sin dobleces.<\/p>\n\n\n\n<h2 class=\"wp-block-heading\">La Belle Epoque &#8211; a la memoria<\/h2>\n\n\n\n<p>Emblem\u00e1tica y monumental obra que evoca los a\u00f1os dorados de le &#8220;Bella \u00e9poca correntina&#8221;. Los paseos de la tertulia, los bailes de carnaval en los salones del Teatro Vera, su inauguraci\u00f3n y sus pasos en el tiempo.<\/p>\n\n\n\n<p>Grabada en la emoci\u00f3n de los correntinos, esta obra se nutre de la m\u00edstica atrapada en los rincones del amado Teatro Vera en una puesta en escena de nivel internacional por su producci\u00f3n y narrativa. En ella sobresalen las pinturas de la c\u00fapula mayor, pintada por el artista Jos\u00e9 Ram\u00edrez, en un homenaje a la correntinidad y sus valores culturales y de identidad.<\/p>\n\n\n\n<h2 class=\"wp-block-heading\">La naci\u00f3n de los h\u00e9roes, \u00c9pico<\/h2>\n\n\n\n<p>Epopeya libertadora en tiempos orientales y la juntada heroica de hombres y mujeres que han entendido la libertad desde su pu\u00f1o y espada. En esta obra aparecer\u00e1n destacadas personalidades como Jos\u00e9 de San Martin, Manuel Belgrano, el General Juan Lavalle, Andr\u00e9s Guacurar\u00ed, Jos\u00e9 Gervasio de Artigas, Juan Manuel de Rosas, entre otros. Las escenas traer\u00e1n sus almas diciendo presente bajo los sonidos de Pedrito R\u00edos el &#8220;Tamborcito de Tacuar\u00ed&#8221;.<\/p>\n\n\n\n<p>Batallas, rinconadas y sonidos de libertad comandados por el gran Sargento Cabral para conmemorar a ritmo de chamam\u00e9 y danzas de las tierras guaran\u00edes con la obra &#8220;Naci\u00f3n de los h\u00e9roes&#8221;<\/p>\n\n\n\n<h2 class=\"wp-block-heading\">Ofrenda a nuestra se\u00f1ora de Itat\u00ed \u0096 La Fe<\/h2>\n\n\n\n<p>Un pueblo correntino que afianza su fe a cada paso peregrinado; de a pie, de a caballo, carreta o cualquier medio acerca el pedido de su gente. El agradecimiento, el rezo compartido o el individual en una emocional manera de venerar a la denominada &#8220;Virgen Morena&#8221;.<\/p>\n\n\n\n<p>Esta obra dedica la danza a los misterios de la fe correntina, ti\u00f1en el aire con colores de las banderas que dicen argentinidad y mucha creencia heredada de los pueblos jesu\u00edticos en amalgama con el sentimiento guaran\u00ed, en una simbiosis de presencia popular y arraigo tradicional donde el chamam\u00e9 revela la devoci\u00f3n m\u00e1s grande como &#8220;av\u00edo del alma&#8221;.<\/p>\n\n\n\n<h2 class=\"wp-block-heading\">Savia vegetal &#8211; Naturaleza<\/h2>\n\n\n\n<p><br>La impronta nueva y vanguardista de la m\u00fasica del litoral, un universo de colores que explotan desde la mirada de uno de los artistas m\u00e1s universales; el compositor misionero Ram\u00f3n Ayala. El cosechero refleja ese av\u00edo de uni\u00f3n entre Corrientes y Chaco para adentrar al mundo de los humedales y frescos montes del litoral, del r\u00edo y sus hermandades.<\/p>\n\n\n\n<p>Savia vegetal es una obra para los j\u00f3venes y las nuevas miradas disruptivas de la m\u00fasica del litoral, en una propuesta original e innovadora que pintar\u00e1 el escenario de la fiesta.<\/p>\n\n\n\n<h2 class=\"wp-block-heading\">Celebrantes &#8211; Homenajes<\/h2>\n\n\n\n<p><br>Este ciclo tendr\u00e1 varias intervenciones en distintos momentos de la Fiesta Nacional del Chamam\u00e9. Destaca los acentos y existencia de personalidades sustanciales del Chamam\u00e9 y sus variantes litorale\u00f1as.<\/p>\n\n\n\n<p>Ser\u00e1 un homenaje a quienes partieron prontamente y nos han dejado un legado important\u00edsimo sobre la memoria, la tradici\u00f3n y la identidad correntina en la regi\u00f3n y del pa\u00eds. Algunos de los nombres ser\u00e1n Ofelia Leiva, Juli\u00e1n Zini y Alfredo Ellero, este \u00faltimo, celebrante de la identidad correntina, que de a caballo nunca ha dejado de estar presente en la fiesta del chamam\u00e9.<\/p>\n\n\n\n<h2 class=\"wp-block-heading\">Guarania de la humanidad \u0096 El chamam\u00e9 te abraza<\/h2>\n\n\n\n<p><br>Una obra que conmemora por un lado los cuatro a\u00f1os de la designaci\u00f3n del Chamam\u00e9 como Patrimonio Inmaterial de la Humanidad por UNESCO (16 de diciembre de 2020) y adem\u00e1s expresa su apoyo al camino realizado por la Guarania logrando la misma designaci\u00f3n el pasado 4 de diciembre.<\/p>\n\n\n\n<p>El Ballet Oficial pondr\u00e1 en escena la memoria inconmensurable de Jos\u00e9 Asunci\u00f3n Flores creador de este estilo musical.<\/p>\n\n\n\n<p>Una puesta emocionante que realza el ser paraguayo que desde la Guarania expresa lo m\u00e1s profundo del coraz\u00f3n guaran\u00ed. Un saludo y celebraci\u00f3n de la Fiesta Nacional del Chamam\u00e9 al pueblo paraguayo.<\/p>\n","protected":false},"excerpt":{"rendered":"<p>La compa\u00f1\u00eda integrada por 40 bailarines intervendr\u00e1 en la celebraci\u00f3n con siete propuestas coreogr\u00e1ficas. La intenci\u00f3n ser\u00e1 representar el concepto del evento con distintas obras que representar\u00e1n diferentes miradas de&hellip; <\/p>\n","protected":false},"author":3,"featured_media":182274,"comment_status":"closed","ping_status":"open","sticky":false,"template":"","format":"standard","meta":{"footnotes":""},"categories":[15],"tags":[],"class_list":["post-182262","post","type-post","status-publish","format-standard","has-post-thumbnail","hentry","category-cultura"],"_links":{"self":[{"href":"https:\/\/corrientesdetarde.com\/index.php\/wp-json\/wp\/v2\/posts\/182262","targetHints":{"allow":["GET"]}}],"collection":[{"href":"https:\/\/corrientesdetarde.com\/index.php\/wp-json\/wp\/v2\/posts"}],"about":[{"href":"https:\/\/corrientesdetarde.com\/index.php\/wp-json\/wp\/v2\/types\/post"}],"author":[{"embeddable":true,"href":"https:\/\/corrientesdetarde.com\/index.php\/wp-json\/wp\/v2\/users\/3"}],"replies":[{"embeddable":true,"href":"https:\/\/corrientesdetarde.com\/index.php\/wp-json\/wp\/v2\/comments?post=182262"}],"version-history":[{"count":1,"href":"https:\/\/corrientesdetarde.com\/index.php\/wp-json\/wp\/v2\/posts\/182262\/revisions"}],"predecessor-version":[{"id":182294,"href":"https:\/\/corrientesdetarde.com\/index.php\/wp-json\/wp\/v2\/posts\/182262\/revisions\/182294"}],"wp:featuredmedia":[{"embeddable":true,"href":"https:\/\/corrientesdetarde.com\/index.php\/wp-json\/wp\/v2\/media\/182274"}],"wp:attachment":[{"href":"https:\/\/corrientesdetarde.com\/index.php\/wp-json\/wp\/v2\/media?parent=182262"}],"wp:term":[{"taxonomy":"category","embeddable":true,"href":"https:\/\/corrientesdetarde.com\/index.php\/wp-json\/wp\/v2\/categories?post=182262"},{"taxonomy":"post_tag","embeddable":true,"href":"https:\/\/corrientesdetarde.com\/index.php\/wp-json\/wp\/v2\/tags?post=182262"}],"curies":[{"name":"wp","href":"https:\/\/api.w.org\/{rel}","templated":true}]}}