{"id":182269,"date":"2024-12-31T11:00:32","date_gmt":"2024-12-31T14:00:32","guid":{"rendered":"https:\/\/corrientesdetarde.com\/?p=182269"},"modified":"2024-12-31T11:00:34","modified_gmt":"2024-12-31T14:00:34","slug":"muerte-de-liam-payne-procesaron-a-cinco-acusados-de-facilitarle-las-drogas-que-lo-mataron","status":"publish","type":"post","link":"https:\/\/corrientesdetarde.com\/index.php\/informacion-general\/muerte-de-liam-payne-procesaron-a-cinco-acusados-de-facilitarle-las-drogas-que-lo-mataron\/","title":{"rendered":"Muerte de Liam Payne: procesaron a cinco acusados de facilitarle las drogas que lo mataron"},"content":{"rendered":"\n<p>Adem\u00e1s, la jueza Laura Graciela Bruniard dictamin\u00f3 que dos de los imputados tengan la prisi\u00f3n preventiva.<\/p>\n\n\n\n<p>Los cinco acusados por la muerte del ex cantante de One Direction Liam Payne en un hotel del barrio porte\u00f1o de Palermo fueron procesados y a dos de ellos la jueza Laura Graciela Bruniard les dictamin\u00f3 la prisi\u00f3n preventiva.<\/p>\n\n\n\n<p>Braian Paiz, el ex camarero, y Ezequiel Pereyra, empleado del hotel CasaSur, fueron procesados por el delito de suministro de estupefacientes a t\u00edtulo oneroso y se les otorg\u00f3 la prisi\u00f3n preventiva. A su vez, un embargo de $5 millones.<\/p>\n\n\n\n<p>Mientras que, el empresario y amigo de Payne, Rogelio Nores, la jueza le concedi\u00f3 el procesamiento por homicidio culposo, m\u00e1s un embargo de $50 millones. Se suma adem\u00e1s, la prohibici\u00f3n de salir del pa\u00eds.<\/p>\n\n\n\n<p>Los otros dos acusados, Gilda Mart\u00edn, gerenta del hotel, y Esteban Grassi, encargado del lugar, tambi\u00e9n quedaron procesados por el mismo delito que Nores, homicidio culposo.<\/p>\n\n\n\n<p>Para la Justicia, Paiz y Pereyre le facilitaron drogas al ex cantante, mientras que su amigo Nores lo abandon\u00f3 durante su estad\u00eda en la Argentina.<\/p>\n\n\n\n<p>En la autopsia se comprob\u00f3 que Payne ten\u00eda en su cuerpo un policonsumo de alcohol, coca\u00edna y un antidepresivo recetado, lo que cual provoc\u00f3 que el joven no est\u00e9 &#8220;plenamente consciente o atravesaba un estado de disminuci\u00f3n notoria o abolici\u00f3n de la consciencia al momento de la ca\u00edda&#8221;.<\/p>\n","protected":false},"excerpt":{"rendered":"<p>Adem\u00e1s, la jueza Laura Graciela Bruniard dictamin\u00f3 que dos de los imputados tengan la prisi\u00f3n preventiva. Los cinco acusados por la muerte del ex cantante de One Direction Liam Payne&hellip; <\/p>\n","protected":false},"author":3,"featured_media":182282,"comment_status":"closed","ping_status":"open","sticky":false,"template":"","format":"standard","meta":{"footnotes":""},"categories":[1],"tags":[],"class_list":["post-182269","post","type-post","status-publish","format-standard","has-post-thumbnail","hentry","category-informacion-general"],"_links":{"self":[{"href":"https:\/\/corrientesdetarde.com\/index.php\/wp-json\/wp\/v2\/posts\/182269","targetHints":{"allow":["GET"]}}],"collection":[{"href":"https:\/\/corrientesdetarde.com\/index.php\/wp-json\/wp\/v2\/posts"}],"about":[{"href":"https:\/\/corrientesdetarde.com\/index.php\/wp-json\/wp\/v2\/types\/post"}],"author":[{"embeddable":true,"href":"https:\/\/corrientesdetarde.com\/index.php\/wp-json\/wp\/v2\/users\/3"}],"replies":[{"embeddable":true,"href":"https:\/\/corrientesdetarde.com\/index.php\/wp-json\/wp\/v2\/comments?post=182269"}],"version-history":[{"count":1,"href":"https:\/\/corrientesdetarde.com\/index.php\/wp-json\/wp\/v2\/posts\/182269\/revisions"}],"predecessor-version":[{"id":182302,"href":"https:\/\/corrientesdetarde.com\/index.php\/wp-json\/wp\/v2\/posts\/182269\/revisions\/182302"}],"wp:featuredmedia":[{"embeddable":true,"href":"https:\/\/corrientesdetarde.com\/index.php\/wp-json\/wp\/v2\/media\/182282"}],"wp:attachment":[{"href":"https:\/\/corrientesdetarde.com\/index.php\/wp-json\/wp\/v2\/media?parent=182269"}],"wp:term":[{"taxonomy":"category","embeddable":true,"href":"https:\/\/corrientesdetarde.com\/index.php\/wp-json\/wp\/v2\/categories?post=182269"},{"taxonomy":"post_tag","embeddable":true,"href":"https:\/\/corrientesdetarde.com\/index.php\/wp-json\/wp\/v2\/tags?post=182269"}],"curies":[{"name":"wp","href":"https:\/\/api.w.org\/{rel}","templated":true}]}}