{"id":182272,"date":"2024-12-31T11:00:26","date_gmt":"2024-12-31T14:00:26","guid":{"rendered":"https:\/\/corrientesdetarde.com\/?p=182272"},"modified":"2024-12-31T11:00:27","modified_gmt":"2024-12-31T14:00:27","slug":"se-registraron-exitosas-ventas-en-la-feria-de-emprendedores","status":"publish","type":"post","link":"https:\/\/corrientesdetarde.com\/index.php\/informacion-general\/se-registraron-exitosas-ventas-en-la-feria-de-emprendedores\/","title":{"rendered":"Se registraron exitosas ventas en la Feria de Emprendedores"},"content":{"rendered":"\n<p>Con gran \u00e9xito se realizaron las Ferias de&nbsp; Emprendedores del Ministerio de Desarrollo Social este domingo 29 de diciembre, en el Paseo Iber\u00e1, en el Parque el Eucaliptal del Barrio San Ger\u00f3nimo y en el Parque Mitre. Recaudando m\u00e1s de 6 millones de pesos entre los tres puntos de venta.<\/p>\n\n\n\n<p>Bajo la Coordinaci\u00f3n de la Direcci\u00f3n de Comercializaci\u00f3n cuya Directora es D\u00e9bora Galarza Alcaraz, la Expo-emprendedora se llev\u00f3 a cabo en el Paseo Iber\u00e1, ubicado en la Bajada del Puente Gral. &nbsp;Belgrano y Costanera por Lavalle entre D\u00edaz de Vivar y Cerrito numerosos stands expusieron los m\u00e1s variados productos.<\/p>\n\n\n\n<p>La gastronom\u00eda ofrece en el Paseo Iber\u00e1 comidas r\u00e1pidas y &nbsp;espect\u00e1culos art\u00edsticos. Este domingo actuaron: Carlos Maidana, Ra\u00fal Zanti, Facundo Esp\u00edndola, Norma Rodr\u00edguez y su Conjunto, Isabella y Julieta Medina y Nicol\u00e1s y su acorde\u00f3n.<\/p>\n\n\n\n<p>Asimismo, la Multiferia estuvo &nbsp;en el Parque el Eucaliptal &nbsp;del Barrio San Ger\u00f3nimo por Avenida Ra\u00fal Alfons\u00edn 5072 con exposici\u00f3n y venta de productos elaborados por &nbsp;emprendedores y artesanos.<\/p>\n\n\n\n<p>Y por \u00faltimo, en el Parque Mitre &nbsp;se realiz\u00f3 la Feria de Revendedores comercializando productos de reventa.<\/p>\n","protected":false},"excerpt":{"rendered":"<p>Con gran \u00e9xito se realizaron las Ferias de&nbsp; Emprendedores del Ministerio de Desarrollo Social este domingo 29 de diciembre, en el Paseo Iber\u00e1, en el Parque el Eucaliptal del Barrio&hellip; <\/p>\n","protected":false},"author":3,"featured_media":182280,"comment_status":"closed","ping_status":"open","sticky":false,"template":"","format":"standard","meta":{"footnotes":""},"categories":[1],"tags":[],"class_list":["post-182272","post","type-post","status-publish","format-standard","has-post-thumbnail","hentry","category-informacion-general"],"_links":{"self":[{"href":"https:\/\/corrientesdetarde.com\/index.php\/wp-json\/wp\/v2\/posts\/182272","targetHints":{"allow":["GET"]}}],"collection":[{"href":"https:\/\/corrientesdetarde.com\/index.php\/wp-json\/wp\/v2\/posts"}],"about":[{"href":"https:\/\/corrientesdetarde.com\/index.php\/wp-json\/wp\/v2\/types\/post"}],"author":[{"embeddable":true,"href":"https:\/\/corrientesdetarde.com\/index.php\/wp-json\/wp\/v2\/users\/3"}],"replies":[{"embeddable":true,"href":"https:\/\/corrientesdetarde.com\/index.php\/wp-json\/wp\/v2\/comments?post=182272"}],"version-history":[{"count":1,"href":"https:\/\/corrientesdetarde.com\/index.php\/wp-json\/wp\/v2\/posts\/182272\/revisions"}],"predecessor-version":[{"id":182300,"href":"https:\/\/corrientesdetarde.com\/index.php\/wp-json\/wp\/v2\/posts\/182272\/revisions\/182300"}],"wp:featuredmedia":[{"embeddable":true,"href":"https:\/\/corrientesdetarde.com\/index.php\/wp-json\/wp\/v2\/media\/182280"}],"wp:attachment":[{"href":"https:\/\/corrientesdetarde.com\/index.php\/wp-json\/wp\/v2\/media?parent=182272"}],"wp:term":[{"taxonomy":"category","embeddable":true,"href":"https:\/\/corrientesdetarde.com\/index.php\/wp-json\/wp\/v2\/categories?post=182272"},{"taxonomy":"post_tag","embeddable":true,"href":"https:\/\/corrientesdetarde.com\/index.php\/wp-json\/wp\/v2\/tags?post=182272"}],"curies":[{"name":"wp","href":"https:\/\/api.w.org\/{rel}","templated":true}]}}