{"id":182315,"date":"2024-12-31T17:29:49","date_gmt":"2024-12-31T20:29:49","guid":{"rendered":"https:\/\/corrientesdetarde.com\/?p=182315"},"modified":"2024-12-31T17:29:54","modified_gmt":"2024-12-31T20:29:54","slug":"en-el-ultimo-programa-de-radio-de-jorge-lanata-sus-companeros-lo-despidieron-emocionados","status":"publish","type":"post","link":"https:\/\/corrientesdetarde.com\/index.php\/espectaculos\/en-el-ultimo-programa-de-radio-de-jorge-lanata-sus-companeros-lo-despidieron-emocionados\/","title":{"rendered":"En el \u00faltimo programa de radio de Jorge Lanata, sus compa\u00f1eros lo despidieron emocionados."},"content":{"rendered":"\n<h2 class=\"wp-block-heading\">Jesica Bossi condujo el programa de radio Mitre y junto a sus invitados, lo recordaron entre an\u00e9cdotas, historias in\u00e9ditas y llanto.<\/h2>\n\n\n\n<p>Tras la muerte de\u00a0<strong>Jorge Lanata<\/strong>, los compa\u00f1eros que compartieron con \u00e9l\u00a0<em>Lanata sin Filtro (Radio Mitre)<\/em>\u00a0<strong>se despidieron del recordado periodista y su ic\u00f3nico programa radial entre an\u00e9cdotas, algunas vivencias personales y mucho pesar por su partida.<\/strong><\/p>\n\n\n\n<p>Jesica Bossi, quien reemplaz\u00f3 al recordado periodista durante su ausencia en el programa, se mostr\u00f3 angustiada: \u201cEstuvimos 199 d\u00edas esperando que vuelva otra vez&#8230; y<strong>&nbsp;hoy hacemos el \u00faltimo&nbsp;<\/strong><em><strong>Lanata sin Filtro<\/strong><\/em><strong>&nbsp;con la certeza de que ya no vuelve, y la tristeza no nos entra en el cuerpo a ninguno de nosotros<\/strong>\u201d.<\/p>\n\n\n\n<p>M\u00e1s adelante, la presentadora sum\u00f3: \u201c(Lanata) No es un pedazo de la historia del periodismo, es un pedazo del pa\u00eds. Este pa\u00eds fue contado desde la d\u00e9cada del ochenta hasta hoy por Lanata\u201d.<\/p>\n\n\n\n<figure class=\"wp-block-image size-large\"><img loading=\"lazy\" decoding=\"async\" width=\"1024\" height=\"576\" src=\"https:\/\/corrientesdetarde.com\/wp-content\/uploads\/2024\/12\/image-1279-1024x576.png\" alt=\"\" class=\"wp-image-182317\" srcset=\"https:\/\/corrientesdetarde.com\/wp-content\/uploads\/2024\/12\/image-1279-1024x576.png 1024w, https:\/\/corrientesdetarde.com\/wp-content\/uploads\/2024\/12\/image-1279-300x169.png 300w, https:\/\/corrientesdetarde.com\/wp-content\/uploads\/2024\/12\/image-1279-768x432.png 768w, https:\/\/corrientesdetarde.com\/wp-content\/uploads\/2024\/12\/image-1279.png 1440w\" sizes=\"auto, (max-width: 1024px) 100vw, 1024px\" \/><\/figure>\n\n\n\n<p>En su participaci\u00f3n, el columnista Julio L\u00f3pez, se quebr\u00f3 al rememorar sus vivencias junto a Lanata: \u201c<strong>Yo pens\u00e9 que esto iba a ser dif\u00edcil ayer, pero lo es hoy y ma\u00f1ana va a ser peor<\/strong>. Era una persona que odiaba mucho la injusticia. Ese era Jorge, era un ni\u00f1o, un inmenso ni\u00f1o y&nbsp;<strong>pensaba mucho en la audiencia, ten\u00eda una devoci\u00f3n a la gente que nos est\u00e1 escuchando y la gente que lo ve\u00eda<\/strong>\u201d.<\/p>\n\n\n\n<p>Por su parte, el exproductor Juan Caparr\u00f3s comparti\u00f3 su dolor ante la p\u00e9rdida del periodista, a quien conoci\u00f3 desde ni\u00f1o y fue su mentor en sus inicios profesionales. Entre l\u00e1grimas, el expres\u00f3: \u201cSin \u00e9l mi vida habr\u00eda sido muy distinta, yo lo admiraba mucho por lo simple y generoso que era. Era un ni\u00f1o.&nbsp;<strong>Adem\u00e1s de vivir todo lo que pueda, \u00e9l cre\u00eda que pod\u00eda todo<\/strong>&nbsp;y eso es una cuesti\u00f3n de los ni\u00f1os, creen que pueden todo,&nbsp;<strong>que nada se termina<\/strong>\u201d.<\/p>\n\n\n\n<p>Sobre esta l\u00ednea,&nbsp;<strong>la conductora no pudo contener las l\u00e1grimas, al evocar su calidad humana como colega y amigo<\/strong>. Adem\u00e1s, el triste sentimiento de p\u00e9rdida tambi\u00e9n se apoder\u00f3 de los invitados en plena transmisi\u00f3n.<\/p>\n","protected":false},"excerpt":{"rendered":"<p>Jesica Bossi condujo el programa de radio Mitre y junto a sus invitados, lo recordaron entre an\u00e9cdotas, historias in\u00e9ditas y llanto. Tras la muerte de\u00a0Jorge Lanata, los compa\u00f1eros que compartieron&hellip; <\/p>\n","protected":false},"author":6,"featured_media":182318,"comment_status":"closed","ping_status":"open","sticky":false,"template":"","format":"standard","meta":{"footnotes":""},"categories":[19],"tags":[],"class_list":["post-182315","post","type-post","status-publish","format-standard","has-post-thumbnail","hentry","category-espectaculos"],"_links":{"self":[{"href":"https:\/\/corrientesdetarde.com\/index.php\/wp-json\/wp\/v2\/posts\/182315","targetHints":{"allow":["GET"]}}],"collection":[{"href":"https:\/\/corrientesdetarde.com\/index.php\/wp-json\/wp\/v2\/posts"}],"about":[{"href":"https:\/\/corrientesdetarde.com\/index.php\/wp-json\/wp\/v2\/types\/post"}],"author":[{"embeddable":true,"href":"https:\/\/corrientesdetarde.com\/index.php\/wp-json\/wp\/v2\/users\/6"}],"replies":[{"embeddable":true,"href":"https:\/\/corrientesdetarde.com\/index.php\/wp-json\/wp\/v2\/comments?post=182315"}],"version-history":[{"count":2,"href":"https:\/\/corrientesdetarde.com\/index.php\/wp-json\/wp\/v2\/posts\/182315\/revisions"}],"predecessor-version":[{"id":182320,"href":"https:\/\/corrientesdetarde.com\/index.php\/wp-json\/wp\/v2\/posts\/182315\/revisions\/182320"}],"wp:featuredmedia":[{"embeddable":true,"href":"https:\/\/corrientesdetarde.com\/index.php\/wp-json\/wp\/v2\/media\/182318"}],"wp:attachment":[{"href":"https:\/\/corrientesdetarde.com\/index.php\/wp-json\/wp\/v2\/media?parent=182315"}],"wp:term":[{"taxonomy":"category","embeddable":true,"href":"https:\/\/corrientesdetarde.com\/index.php\/wp-json\/wp\/v2\/categories?post=182315"},{"taxonomy":"post_tag","embeddable":true,"href":"https:\/\/corrientesdetarde.com\/index.php\/wp-json\/wp\/v2\/tags?post=182315"}],"curies":[{"name":"wp","href":"https:\/\/api.w.org\/{rel}","templated":true}]}}