{"id":182316,"date":"2024-12-31T17:33:47","date_gmt":"2024-12-31T20:33:47","guid":{"rendered":"https:\/\/corrientesdetarde.com\/?p=182316"},"modified":"2024-12-31T17:33:52","modified_gmt":"2024-12-31T20:33:52","slug":"duras-criticas-a-la-cobertura-de-pagina-12-por-la-muerte-de-lanata","status":"publish","type":"post","link":"https:\/\/corrientesdetarde.com\/index.php\/politica\/duras-criticas-a-la-cobertura-de-pagina-12-por-la-muerte-de-lanata\/","title":{"rendered":"Duras cr\u00edticas a la cobertura de P\u00e1gina 12 por la muerte de Lanata."},"content":{"rendered":"\n<h2 class=\"wp-block-heading\">El diario que el reconocido editor fund\u00f3 en 1987 le dedic\u00f3 un peque\u00f1o espacio en la portada por su fallecimiento. Adem\u00e1s, cuestion\u00f3 a los dirigentes pol\u00edticos que lo despidieron.<\/h2>\n\n\n\n<p>La cobertura que hizo el diario\u00a0<em>P\u00e1gina\/12\u00a0<\/em>sobre la muerte de\u00a0<strong>Jorge Lanata<\/strong> recibi\u00f3 fuertes cr\u00edticas de periodistas y comunicadores.<\/p>\n\n\n\n<p>Lanata fue&nbsp;<strong>fundador&nbsp;<\/strong>del medio gr\u00e1fico en 1987, adem\u00e1s de director. Actualmente, el diario est\u00e1 en manos del jefe del gremio de encargados de edificios (SUTERH) y expresidente del PJ porte\u00f1o, V\u00edctor Santa Mar\u00eda.<\/p>\n\n\n\n<p>Periodistas como Alfredo Leuco, Luis Majul, Claudio Savoia, Daniel Santoro, Ernesto Tenembaum, Jairo Straccia, Alejo Schapire, Facundo Land\u00edvar e Ignacio Gir\u00f3n cuestionaron la cobertura de&nbsp;<em>P\u00e1gina\/12<\/em>&nbsp;sobre la muerte de Lanata, y calificaron de<strong>&nbsp;\u201cmezquinas\u201d y \u201cmiserables\u201d<\/strong>&nbsp;a las autoridades del medio gr\u00e1fico.<\/p>\n\n\n\n<p>Leuco, uno de los muchos periodistas que fueron a Casa de la Cultura para despedir al periodista, le hizo duros cuestionamientos a&nbsp;<em>P\u00e1gina\/12: \u201c<\/em>El periodismo le debe much\u00edsimo a Lanata, que invent\u00f3 absolutamente todo, no solo fund\u00f3 dos diarios absolutamente originales, m\u00e1s all\u00e1 que el primero de ellos<strong>&nbsp;lo neg\u00f3 en forma estalinista&nbsp;<\/strong>y lo borr\u00f3 de todos sus archivos como si no hubiera existido. Hay un diario en la Argentina, llamado&nbsp;<em>P\u00e1gina\/12,<\/em>&nbsp;que dice que Lanata no existi\u00f3. Hoy hicieron un peque\u00f1o recuadro diciendo que falleci\u00f3, pero en los \u00faltimos diez, doce a\u00f1os, para ellos Lanata no existi\u00f3 en la Argentina\u201d.<\/p>\n\n\n\n<h2 class=\"wp-block-heading\">Duros cuestionamientos de Luis Majul a\u00a0<em>P\u00e1gina\/12<\/em>\u00a0por la cobertura sobre la muerte de Lanata.<\/h2>\n\n\n\n<p>Majul fue otro de los periodistas que se sum\u00f3 a los duros cuestionamientos a\u00a0<em>P\u00e1gina\/12:<\/em>\u00a0\u201cMe\u00a0<strong>entristeci\u00f3\u00a0<\/strong>un poco. No hablo de los laburantes, sino de los directores, nuevamente mezquinos, ego\u00edstas, terminar\u00e1n siendo as\u00ed.\u00a0<strong>Jorge Lanata era otra cosa\u201d.<\/strong><\/p>\n\n\n\n<p><strong>Fuertes cr\u00edticas de periodistas por la cobertura de P\u00e1gina\/12 sobre la muerte de Jorge Lanata<\/strong><\/p>\n\n\n\n<figure class=\"wp-block-image size-large\"><img loading=\"lazy\" decoding=\"async\" width=\"1024\" height=\"410\" src=\"https:\/\/corrientesdetarde.com\/wp-content\/uploads\/2024\/12\/image-1280-1024x410.png\" alt=\"\" class=\"wp-image-182321\" srcset=\"https:\/\/corrientesdetarde.com\/wp-content\/uploads\/2024\/12\/image-1280-1024x410.png 1024w, https:\/\/corrientesdetarde.com\/wp-content\/uploads\/2024\/12\/image-1280-300x120.png 300w, https:\/\/corrientesdetarde.com\/wp-content\/uploads\/2024\/12\/image-1280-768x308.png 768w, https:\/\/corrientesdetarde.com\/wp-content\/uploads\/2024\/12\/image-1280.png 1440w\" sizes=\"auto, (max-width: 1024px) 100vw, 1024px\" \/><\/figure>\n\n\n\n<figure class=\"wp-block-image size-large\"><img loading=\"lazy\" decoding=\"async\" width=\"1024\" height=\"855\" src=\"https:\/\/corrientesdetarde.com\/wp-content\/uploads\/2024\/12\/image-1281-1024x855.png\" alt=\"\" class=\"wp-image-182322\" srcset=\"https:\/\/corrientesdetarde.com\/wp-content\/uploads\/2024\/12\/image-1281-1024x855.png 1024w, https:\/\/corrientesdetarde.com\/wp-content\/uploads\/2024\/12\/image-1281-300x251.png 300w, https:\/\/corrientesdetarde.com\/wp-content\/uploads\/2024\/12\/image-1281-768x642.png 768w, https:\/\/corrientesdetarde.com\/wp-content\/uploads\/2024\/12\/image-1281.png 1440w\" sizes=\"auto, (max-width: 1024px) 100vw, 1024px\" \/><\/figure>\n\n\n\n<p>Daniel Santoro, editor de Clar\u00edn, tambien comparti\u00f3 en las redes sus sensaciones sobre la cobertura period\u00edstica:\u201cEl diario&nbsp;<em>P\u00e1gina\/12,&nbsp;<\/em>fundado por Jorge Lanata y ahora manejado por el sindicalista V\u00edctor Santa Mar\u00eda, publica&nbsp;<strong>solo un recuadro&nbsp;<\/strong>en su portada&#8230;\u201d.<\/p>\n\n\n\n<p>El conductor radial Ernesto Tenembaum se sum\u00f3 a los cuestionamientos: \u201cIncre\u00edble la cobertura de&nbsp;<em>P\u00e1gina\/12<\/em>&nbsp;dentro de la tapa es un recuadrito arriba: \u2018Muri\u00f3 Jorge Lanata, fue parte del grupo fundador\u2019, no el director, 1987, Adentro, dice \u2018muri\u00f3 Lanata, un hombre que marco al periodismo, y en un recuadro dice \u2018toda la derecha lo despidi\u00f3\u2019. No es que no cuenta que fue el primer director, sin Lanata P\u00e1gina\/12 no hubiera existido\u201d.<\/p>\n\n\n\n<p>El periodista especializado en econom\u00eda Jairo Straccia tambi\u00e9n hizo referencia a la escueta cobertura de P\u00e1gina\/12: \u201cEs\u00a0<strong>ins\u00f3lita\u00a0<\/strong>la edici\u00f3n de P\u00e1gina\/12 de hoy, tiene una nota de una p\u00e1gina y una columna sin firma, que dice: \u2018Muri\u00f3 Jorge Lanata, un hombre que marc\u00f3 el periodismo, integro el equipo de fundadores del diario\u2019, y un recuadrito que dice: \u2018Toda la\u00a0<strong>derecha\u00a0<\/strong>se uni\u00f3 para despedirlo\u2019. Con la edici\u00f3n que hacen hoy las autoridades si alguna duda quedaba terminaron de matar cualquier vestigio que le insufl\u00f3 Lanata a ese diario se\u00f1ero que fue tan seductor desde el \u201887, cuando sali\u00f3, es ins\u00f3lita la tapa, la cobertura sobre Lanata, habla del impacto que tiene\u00a0<strong>la grieta\u201d.<\/strong><\/p>\n\n\n\n<figure class=\"wp-block-image size-large\"><img loading=\"lazy\" decoding=\"async\" width=\"1024\" height=\"895\" src=\"https:\/\/corrientesdetarde.com\/wp-content\/uploads\/2024\/12\/image-1282-1024x895.png\" alt=\"\" class=\"wp-image-182323\" srcset=\"https:\/\/corrientesdetarde.com\/wp-content\/uploads\/2024\/12\/image-1282-1024x895.png 1024w, https:\/\/corrientesdetarde.com\/wp-content\/uploads\/2024\/12\/image-1282-300x262.png 300w, https:\/\/corrientesdetarde.com\/wp-content\/uploads\/2024\/12\/image-1282-768x671.png 768w, https:\/\/corrientesdetarde.com\/wp-content\/uploads\/2024\/12\/image-1282.png 1440w\" sizes=\"auto, (max-width: 1024px) 100vw, 1024px\" \/><\/figure>\n\n\n\n<p>El periodista,especializado en cultura y pol\u00edtica exterior,<strong>\u00a0Alejo Schapire:<\/strong>\u00a0\u201cNo por previsible deja de llamar la atenci\u00f3n que el diario que fund\u00f3 es el que\u00a0<strong>menor espacio dedica\u00a0<\/strong>a la noticia de la muerte de Lanata en portada. En la web es todav\u00eda m\u00e1s alevoso. Mezquinos\u201d.<\/p>\n\n\n\n<figure class=\"wp-block-image size-large\"><img loading=\"lazy\" decoding=\"async\" width=\"586\" height=\"1024\" src=\"https:\/\/corrientesdetarde.com\/wp-content\/uploads\/2024\/12\/image-1283-586x1024.png\" alt=\"\" class=\"wp-image-182324\" srcset=\"https:\/\/corrientesdetarde.com\/wp-content\/uploads\/2024\/12\/image-1283-586x1024.png 586w, https:\/\/corrientesdetarde.com\/wp-content\/uploads\/2024\/12\/image-1283-172x300.png 172w, https:\/\/corrientesdetarde.com\/wp-content\/uploads\/2024\/12\/image-1283-768x1343.png 768w, https:\/\/corrientesdetarde.com\/wp-content\/uploads\/2024\/12\/image-1283-878x1536.png 878w, https:\/\/corrientesdetarde.com\/wp-content\/uploads\/2024\/12\/image-1283-1171x2048.png 1171w, https:\/\/corrientesdetarde.com\/wp-content\/uploads\/2024\/12\/image-1283.png 1440w\" sizes=\"auto, (max-width: 586px) 100vw, 586px\" \/><\/figure>\n\n\n\n<p>El conductor de CNN en Espa\u00f1ol, Ignacio Gir\u00f3n, tambi\u00e9n fue cr\u00edtico: \u201cQu\u00e9 canalla lo de\u00a0<em>P\u00e1gina\/12\u00a0<\/em>hoy, menospreciando la muerte de Lanata, el fundador y exdirector de ese diario que antes\u00a0<strong>marcaba el pulso de lo irreverente.\u00a0<\/strong>Puede no gustarte el rumbo que haya tomado tu mentor, pero no pod\u00e9s desaparecerlo.<strong>\u00a0Falta de respeto total\u201d.<\/strong><\/p>\n\n\n\n<figure class=\"wp-block-image size-large\"><img loading=\"lazy\" decoding=\"async\" width=\"1024\" height=\"1010\" src=\"https:\/\/corrientesdetarde.com\/wp-content\/uploads\/2024\/12\/image-1284-1024x1010.png\" alt=\"\" class=\"wp-image-182325\" srcset=\"https:\/\/corrientesdetarde.com\/wp-content\/uploads\/2024\/12\/image-1284-1024x1010.png 1024w, https:\/\/corrientesdetarde.com\/wp-content\/uploads\/2024\/12\/image-1284-300x296.png 300w, https:\/\/corrientesdetarde.com\/wp-content\/uploads\/2024\/12\/image-1284-768x757.png 768w, https:\/\/corrientesdetarde.com\/wp-content\/uploads\/2024\/12\/image-1284.png 1440w\" sizes=\"auto, (max-width: 1024px) 100vw, 1024px\" \/><\/figure>\n\n\n\n<p><\/p>\n","protected":false},"excerpt":{"rendered":"<p>El diario que el reconocido editor fund\u00f3 en 1987 le dedic\u00f3 un peque\u00f1o espacio en la portada por su fallecimiento. Adem\u00e1s, cuestion\u00f3 a los dirigentes pol\u00edticos que lo despidieron. La&hellip; <\/p>\n","protected":false},"author":6,"featured_media":182326,"comment_status":"closed","ping_status":"open","sticky":false,"template":"","format":"standard","meta":{"footnotes":""},"categories":[3],"tags":[],"class_list":["post-182316","post","type-post","status-publish","format-standard","has-post-thumbnail","hentry","category-politica"],"_links":{"self":[{"href":"https:\/\/corrientesdetarde.com\/index.php\/wp-json\/wp\/v2\/posts\/182316","targetHints":{"allow":["GET"]}}],"collection":[{"href":"https:\/\/corrientesdetarde.com\/index.php\/wp-json\/wp\/v2\/posts"}],"about":[{"href":"https:\/\/corrientesdetarde.com\/index.php\/wp-json\/wp\/v2\/types\/post"}],"author":[{"embeddable":true,"href":"https:\/\/corrientesdetarde.com\/index.php\/wp-json\/wp\/v2\/users\/6"}],"replies":[{"embeddable":true,"href":"https:\/\/corrientesdetarde.com\/index.php\/wp-json\/wp\/v2\/comments?post=182316"}],"version-history":[{"count":2,"href":"https:\/\/corrientesdetarde.com\/index.php\/wp-json\/wp\/v2\/posts\/182316\/revisions"}],"predecessor-version":[{"id":182328,"href":"https:\/\/corrientesdetarde.com\/index.php\/wp-json\/wp\/v2\/posts\/182316\/revisions\/182328"}],"wp:featuredmedia":[{"embeddable":true,"href":"https:\/\/corrientesdetarde.com\/index.php\/wp-json\/wp\/v2\/media\/182326"}],"wp:attachment":[{"href":"https:\/\/corrientesdetarde.com\/index.php\/wp-json\/wp\/v2\/media?parent=182316"}],"wp:term":[{"taxonomy":"category","embeddable":true,"href":"https:\/\/corrientesdetarde.com\/index.php\/wp-json\/wp\/v2\/categories?post=182316"},{"taxonomy":"post_tag","embeddable":true,"href":"https:\/\/corrientesdetarde.com\/index.php\/wp-json\/wp\/v2\/tags?post=182316"}],"curies":[{"name":"wp","href":"https:\/\/api.w.org\/{rel}","templated":true}]}}