{"id":182329,"date":"2024-12-31T17:56:00","date_gmt":"2024-12-31T20:56:00","guid":{"rendered":"https:\/\/corrientesdetarde.com\/?p=182329"},"modified":"2024-12-31T17:45:53","modified_gmt":"2024-12-31T20:45:53","slug":"una-familia-volco-en-la-ruta-cuando-volvian-de-vacaciones-y-murio-una-mujer","status":"publish","type":"post","link":"https:\/\/corrientesdetarde.com\/index.php\/policiales\/una-familia-volco-en-la-ruta-cuando-volvian-de-vacaciones-y-murio-una-mujer\/","title":{"rendered":"Una familia volc\u00f3 en la ruta cuando volv\u00edan de vacaciones y muri\u00f3 una mujer."},"content":{"rendered":"\n<h2 class=\"wp-block-heading\">El conductor y su hija salieron ilesos. La v\u00edctima no llevaba puesto el cintur\u00f3n de seguridad. El hecho ocurri\u00f3 este lunes por la ma\u00f1ana cuando regresaban de Bariloche.<\/h2>\n\n\n\n<p>Una familia volv\u00eda de vacaciones de Bariloche,&nbsp;<strong>volc\u00f3 en la ruta y muri\u00f3 una mujer.<\/strong>&nbsp;El hecho ocurri\u00f3 este lunes a la altura del kil\u00f3metro 1436 de la Ruta Nacional N\u00b0 237, en la zona de Piedra del \u00c1guila, en Neuqu\u00e9n.<\/p>\n\n\n\n<p>En la camioneta involucrada, una Toyota SW4 gris, viajaban un conductor de 70 a\u00f1os, que iba acompa\u00f1ado por su hija de 29 y atr\u00e1s estaba la esposa de \u00e9l y mam\u00e1 de la joven, tambi\u00e9n de 70.<\/p>\n\n\n\n<p>El comisario inspector Luis Mardones, coordinador de Direcci\u00f3n Seguridad Interior de Jun\u00edn de Los Andes, detall\u00f3 que el incidente se registr\u00f3 alrededor de las 10.30. \u201cAl momento de arribar personal policial se constata que la camioneta se encontraba apoyada sobre sus cuatro ruedas,\u00a0<strong>a una distancia de 15 metros de la cinta asf\u00e1ltica<\/strong>\u201d, se\u00f1al\u00f3.<\/p>\n\n\n\n<figure class=\"wp-block-image size-large\"><img loading=\"lazy\" decoding=\"async\" width=\"1024\" height=\"757\" src=\"https:\/\/corrientesdetarde.com\/wp-content\/uploads\/2024\/12\/image-1285-1024x757.png\" alt=\"\" class=\"wp-image-182333\" srcset=\"https:\/\/corrientesdetarde.com\/wp-content\/uploads\/2024\/12\/image-1285-1024x757.png 1024w, https:\/\/corrientesdetarde.com\/wp-content\/uploads\/2024\/12\/image-1285-300x222.png 300w, https:\/\/corrientesdetarde.com\/wp-content\/uploads\/2024\/12\/image-1285-768x567.png 768w, https:\/\/corrientesdetarde.com\/wp-content\/uploads\/2024\/12\/image-1285.png 1440w\" sizes=\"auto, (max-width: 1024px) 100vw, 1024px\" \/><\/figure>\n\n\n\n<p>En di\u00e1logo con<em>&nbsp;Radio 7<\/em>, detall\u00f3: \u201cCirculaba normalmente y en un momento&nbsp;<strong>sufri\u00f3 alg\u00fan tipo de distracci\u00f3n,&nbsp;<\/strong>lo que hizo que la rueda delantera toque la banquina y ocasione el vuelco. Se fue hacia la sub banquina que impacta contra la trompa y se producen dos tumbos\u201d.<\/p>\n\n\n\n<p>Producto del fuerte impacto, la mujer que iba en la parte de atr\u00e1s no llevaba puesto el cintur\u00f3n de seguridad y&nbsp;<strong>sali\u00f3 despedida por el parabrisas.&nbsp;<\/strong>\u201cEl cuerpo qued\u00f3 a unos 7 metros del veh\u00edculo\u201d, precis\u00f3.<\/p>\n\n\n\n<p>En el lugar intervino personal de tr\u00e1nsito, quienes solicitaron la presencia de m\u00e9dicos y bomberos. Cuando llegaron al lugar,&nbsp;<strong>confirmaron que la mujer estaba muerta, mientras que el conductor y la hija no ten\u00edan heridas.<\/strong><\/p>\n\n\n\n<p>Luego del tr\u00e1gico hecho, Mardones se refiri\u00f3 a la importancia en la utilizaci\u00f3n del cintur\u00f3n de seguridad: \u201c<strong>Est\u00e1 faltando un poco m\u00e1s de concientizaci\u00f3n&nbsp;<\/strong>en lo que respecta a medidas de seguridad pasivas que poseen todos los veh\u00edculos, que en caso de ocurrir alg\u00fan tipo de siniestro, las lesiones o consecuencias sean mucho menores\u201d.<\/p>\n","protected":false},"excerpt":{"rendered":"<p>El conductor y su hija salieron ilesos. La v\u00edctima no llevaba puesto el cintur\u00f3n de seguridad. El hecho ocurri\u00f3 este lunes por la ma\u00f1ana cuando regresaban de Bariloche. Una familia&hellip; <\/p>\n","protected":false},"author":6,"featured_media":182334,"comment_status":"closed","ping_status":"open","sticky":false,"template":"","format":"standard","meta":{"footnotes":""},"categories":[33],"tags":[],"class_list":["post-182329","post","type-post","status-publish","format-standard","has-post-thumbnail","hentry","category-policiales"],"_links":{"self":[{"href":"https:\/\/corrientesdetarde.com\/index.php\/wp-json\/wp\/v2\/posts\/182329","targetHints":{"allow":["GET"]}}],"collection":[{"href":"https:\/\/corrientesdetarde.com\/index.php\/wp-json\/wp\/v2\/posts"}],"about":[{"href":"https:\/\/corrientesdetarde.com\/index.php\/wp-json\/wp\/v2\/types\/post"}],"author":[{"embeddable":true,"href":"https:\/\/corrientesdetarde.com\/index.php\/wp-json\/wp\/v2\/users\/6"}],"replies":[{"embeddable":true,"href":"https:\/\/corrientesdetarde.com\/index.php\/wp-json\/wp\/v2\/comments?post=182329"}],"version-history":[{"count":1,"href":"https:\/\/corrientesdetarde.com\/index.php\/wp-json\/wp\/v2\/posts\/182329\/revisions"}],"predecessor-version":[{"id":182335,"href":"https:\/\/corrientesdetarde.com\/index.php\/wp-json\/wp\/v2\/posts\/182329\/revisions\/182335"}],"wp:featuredmedia":[{"embeddable":true,"href":"https:\/\/corrientesdetarde.com\/index.php\/wp-json\/wp\/v2\/media\/182334"}],"wp:attachment":[{"href":"https:\/\/corrientesdetarde.com\/index.php\/wp-json\/wp\/v2\/media?parent=182329"}],"wp:term":[{"taxonomy":"category","embeddable":true,"href":"https:\/\/corrientesdetarde.com\/index.php\/wp-json\/wp\/v2\/categories?post=182329"},{"taxonomy":"post_tag","embeddable":true,"href":"https:\/\/corrientesdetarde.com\/index.php\/wp-json\/wp\/v2\/tags?post=182329"}],"curies":[{"name":"wp","href":"https:\/\/api.w.org\/{rel}","templated":true}]}}