{"id":182330,"date":"2024-12-31T17:45:00","date_gmt":"2024-12-31T20:45:00","guid":{"rendered":"https:\/\/corrientesdetarde.com\/?p=182330"},"modified":"2024-12-31T17:40:13","modified_gmt":"2024-12-31T20:40:13","slug":"lincharon-a-un-degenerado-que-acoso-a-una-nina","status":"publish","type":"post","link":"https:\/\/corrientesdetarde.com\/index.php\/policiales\/lincharon-a-un-degenerado-que-acoso-a-una-nina\/","title":{"rendered":"Lincharon a un degenerado que acos\u00f3 a una ni\u00f1a."},"content":{"rendered":"\n<h2 class=\"wp-block-heading\">El hecho se registr\u00f3 este lunes durante la siesta de este lunes. El sujeto fue golpeado por un grupo de vecinos.<\/h2>\n\n\n\n<p>Un hombre fue demorado este lunes tras ser denunciado por acosar a una menor en pleno centro de la ciudad de Corrientes, informaron fuentes policiales.&nbsp;<\/p>\n\n\n\n<p>El hecho se registr\u00f3 por la calle Santa Fe al 1100, cuando la ni\u00f1a de 11 a\u00f1os acus\u00f3 al sujeto de &#8220;manosearla&#8221;.<\/p>\n\n\n\n<p>En ese momento, el hombre fue increpado por un grupo de vecinos que le propinaron varios golpes, seg\u00fan un video que se viraliz\u00f3 en redes sociales.<\/p>\n\n\n\n<p>En las im\u00e1genes se advierte que al menos dos personas alcanzaron a golpearon.&nbsp;<\/p>\n\n\n\n<p>Tras el episodio, actu\u00f3 la Polic\u00eda y logr\u00f3 aprehender al hombre que de acuerdo a la informaci\u00f3n inicial, vive en situaci\u00f3n de calle.<\/p>\n","protected":false},"excerpt":{"rendered":"<p>El hecho se registr\u00f3 este lunes durante la siesta de este lunes. El sujeto fue golpeado por un grupo de vecinos. Un hombre fue demorado este lunes tras ser denunciado&hellip; <\/p>\n","protected":false},"author":6,"featured_media":182331,"comment_status":"closed","ping_status":"open","sticky":false,"template":"","format":"standard","meta":{"footnotes":""},"categories":[33],"tags":[],"class_list":["post-182330","post","type-post","status-publish","format-standard","has-post-thumbnail","hentry","category-policiales"],"_links":{"self":[{"href":"https:\/\/corrientesdetarde.com\/index.php\/wp-json\/wp\/v2\/posts\/182330","targetHints":{"allow":["GET"]}}],"collection":[{"href":"https:\/\/corrientesdetarde.com\/index.php\/wp-json\/wp\/v2\/posts"}],"about":[{"href":"https:\/\/corrientesdetarde.com\/index.php\/wp-json\/wp\/v2\/types\/post"}],"author":[{"embeddable":true,"href":"https:\/\/corrientesdetarde.com\/index.php\/wp-json\/wp\/v2\/users\/6"}],"replies":[{"embeddable":true,"href":"https:\/\/corrientesdetarde.com\/index.php\/wp-json\/wp\/v2\/comments?post=182330"}],"version-history":[{"count":1,"href":"https:\/\/corrientesdetarde.com\/index.php\/wp-json\/wp\/v2\/posts\/182330\/revisions"}],"predecessor-version":[{"id":182332,"href":"https:\/\/corrientesdetarde.com\/index.php\/wp-json\/wp\/v2\/posts\/182330\/revisions\/182332"}],"wp:featuredmedia":[{"embeddable":true,"href":"https:\/\/corrientesdetarde.com\/index.php\/wp-json\/wp\/v2\/media\/182331"}],"wp:attachment":[{"href":"https:\/\/corrientesdetarde.com\/index.php\/wp-json\/wp\/v2\/media?parent=182330"}],"wp:term":[{"taxonomy":"category","embeddable":true,"href":"https:\/\/corrientesdetarde.com\/index.php\/wp-json\/wp\/v2\/categories?post=182330"},{"taxonomy":"post_tag","embeddable":true,"href":"https:\/\/corrientesdetarde.com\/index.php\/wp-json\/wp\/v2\/tags?post=182330"}],"curies":[{"name":"wp","href":"https:\/\/api.w.org\/{rel}","templated":true}]}}