{"id":182336,"date":"2024-12-31T18:12:00","date_gmt":"2024-12-31T21:12:00","guid":{"rendered":"https:\/\/corrientesdetarde.com\/?p=182336"},"modified":"2024-12-31T17:52:51","modified_gmt":"2024-12-31T20:52:51","slug":"lola-lanata-compartio-un-emotivo-mensaje-despidiendo-a-su-papa","status":"publish","type":"post","link":"https:\/\/corrientesdetarde.com\/index.php\/espectaculos\/lola-lanata-compartio-un-emotivo-mensaje-despidiendo-a-su-papa\/","title":{"rendered":"Lola Lanata comparti\u00f3 un emotivo mensaje despidiendo a su pap\u00e1."},"content":{"rendered":"\n<h2 class=\"wp-block-heading\">La hija menor del conductor us\u00f3 sus redes sociales para dedicarle unas hermosas palabras al periodista.<\/h2>\n\n\n\n<p><strong>Lola Lanata<\/strong> se despidi\u00f3 de su pap\u00e1 con un emotivo mensaje que public\u00f3 a trav\u00e9s de su cuenta oficial de Instagram. El conductor muri\u00f3 este lunes\u00a0luego de estar internado durante seis meses\u00a0en el Hospital Italiano y en la Cl\u00ednica de Neurorehabilitaci\u00f3n Santa Catalina.<\/p>\n\n\n\n<p>\u201cHola pa,&nbsp;<strong>es muy dif\u00edcil todo lo que est\u00e1 pasando<\/strong>. Pas\u00f3 muy poco tiempo pero ya te extra\u00f1amos mucho. Te quiero agradecer por todo lo que hiciste por nosotras a lo largo de nuestra vida.&nbsp;<strong>Fuiste, sos y siempre ser\u00e1s mi modelo a seguir<\/strong>\u201d, comenz\u00f3 diciendo la joven en la publicaci\u00f3n que recolect\u00f3 cientos de mensajes de cari\u00f1o.<\/p>\n\n\n\n<p>Recordando las pasiones que la unieron con su pap\u00e1, sum\u00f3: \u201c<strong>Te quiero agradecer por todas las pelis que vimos juntos<\/strong>, los cafecitos que compartimos y por todas las sonrisas que me regalaste. Ayer pensaba en un d\u00eda, hace tres a\u00f1os, en el cual me ense\u00f1aste<strong>\u00a0lo importante que es mirar el cielo, respirar y agradecer<\/strong>. Y eso es lo que elijo hacer hoy. Hoy miro al cielo, respiro y te agradezco\u201d.<\/p>\n\n\n\n<figure class=\"wp-block-image size-large\"><img loading=\"lazy\" decoding=\"async\" width=\"1024\" height=\"551\" src=\"https:\/\/corrientesdetarde.com\/wp-content\/uploads\/2024\/12\/image-1286-1024x551.png\" alt=\"\" class=\"wp-image-182341\" srcset=\"https:\/\/corrientesdetarde.com\/wp-content\/uploads\/2024\/12\/image-1286-1024x551.png 1024w, https:\/\/corrientesdetarde.com\/wp-content\/uploads\/2024\/12\/image-1286-300x161.png 300w, https:\/\/corrientesdetarde.com\/wp-content\/uploads\/2024\/12\/image-1286-768x413.png 768w, https:\/\/corrientesdetarde.com\/wp-content\/uploads\/2024\/12\/image-1286.png 1440w\" sizes=\"auto, (max-width: 1024px) 100vw, 1024px\" \/><\/figure>\n\n\n\n<p>Sobre la internaci\u00f3n del conductor, coment\u00f3 que no fue sencillo: \u201c<strong>Fueron unos meses muy dif\u00edciles<\/strong>, pero tuvimos la suerte de no dejar de decirnos las cosas importantes. Como cuando me confesaste que al estar conmigo sent\u00edas paz o el d\u00eda que mam\u00e1 se quejaba de m\u00ed y vos le dijiste que&nbsp;<strong>\u2018todo lo que Lola quiera hacer, est\u00e1 bien\u2019<\/strong>\u201d.<\/p>\n\n\n\n<p>\u201c<strong>Te prometo que la voy a cuidar mucho a Barbi<\/strong>, que aunque sea grande y fuerte yo s\u00e9 que nos necesita. Y tambi\u00e9n prometo seguir cuid\u00e1ndote a vos, desde donde sea que est\u00e9s. Por \u00faltimo te prometo que cada vez que vea ESA estrella voy a pensar en vos. Te amo mucho papi. Para siempre tu lunita\u201d, cerr\u00f3.<\/p>\n\n\n\n<h2 class=\"wp-block-heading\">Qui\u00e9n es Lola, la hija de Jorge Lanata tuvo con Sarah Stewart Brown<\/h2>\n\n\n\n<p>Lola se muestra&nbsp;<strong>muy activa<\/strong>&nbsp;en sus perfiles p\u00fablicos. Acumula 69 mil seguidores en Instagram. All\u00ed comparte desde postales de sus viajes, hasta instant\u00e1neas con sus familiares y amigos.<\/p>\n\n\n\n<p>Su mam\u00e1 Sarah Stewart Brown, que estuvo casada con Lanata durante casi 20 a\u00f1os, dijo de su hija:&nbsp;<strong>\u201cTiene el car\u00e1cter del padre. En fin, todo no se puede\u201d<\/strong>. De hecho, una de las fotos destacadas de Lola es la que est\u00e1 junto a Jorge haciendo el gesto de \u201c<em>fuck you<\/em>\u201d.<\/p>\n\n\n\n<figure class=\"wp-block-image size-large\"><img loading=\"lazy\" decoding=\"async\" width=\"683\" height=\"1024\" src=\"https:\/\/corrientesdetarde.com\/wp-content\/uploads\/2024\/12\/image-1287-683x1024.png\" alt=\"\" class=\"wp-image-182342\" srcset=\"https:\/\/corrientesdetarde.com\/wp-content\/uploads\/2024\/12\/image-1287-683x1024.png 683w, https:\/\/corrientesdetarde.com\/wp-content\/uploads\/2024\/12\/image-1287-200x300.png 200w, https:\/\/corrientesdetarde.com\/wp-content\/uploads\/2024\/12\/image-1287-768x1152.png 768w, https:\/\/corrientesdetarde.com\/wp-content\/uploads\/2024\/12\/image-1287-1024x1536.png 1024w, https:\/\/corrientesdetarde.com\/wp-content\/uploads\/2024\/12\/image-1287-1365x2048.png 1365w, https:\/\/corrientesdetarde.com\/wp-content\/uploads\/2024\/12\/image-1287.png 1440w\" sizes=\"auto, (max-width: 683px) 100vw, 683px\" \/><\/figure>\n\n\n\n<p>A los 10, Lola escribi\u00f3 su primer art\u00edculo para<em>&nbsp;Border Periodismo<\/em>, un blog de<strong>&nbsp;Mar\u00eda Julia Oliv\u00e1n<\/strong>. En ese momento, cont\u00f3 que usaba dispositivos digitales para hacer trabajos para el colegio, hablar con su familia o sus amigos y sacar fotos.<\/p>\n\n\n\n<p>\u201cCuando hago la tarea, estudio con ayuda de Google, pero&nbsp;<strong>nunca hice copy-paste<\/strong>\u201d, hab\u00eda relatado la nena en ese entonces por el hecho de \u201ccopiar y pegar\u201d. Sobre esto, hab\u00eda explicado:<strong>&nbsp;\u201cNos da miedo que la maestra vea Wikipedia y se d\u00e9 cuenta\u201d<\/strong>.<\/p>\n","protected":false},"excerpt":{"rendered":"<p>La hija menor del conductor us\u00f3 sus redes sociales para dedicarle unas hermosas palabras al periodista. Lola Lanata se despidi\u00f3 de su pap\u00e1 con un emotivo mensaje que public\u00f3 a&hellip; <\/p>\n","protected":false},"author":6,"featured_media":182343,"comment_status":"closed","ping_status":"open","sticky":false,"template":"","format":"standard","meta":{"footnotes":""},"categories":[19],"tags":[],"class_list":["post-182336","post","type-post","status-publish","format-standard","has-post-thumbnail","hentry","category-espectaculos"],"_links":{"self":[{"href":"https:\/\/corrientesdetarde.com\/index.php\/wp-json\/wp\/v2\/posts\/182336","targetHints":{"allow":["GET"]}}],"collection":[{"href":"https:\/\/corrientesdetarde.com\/index.php\/wp-json\/wp\/v2\/posts"}],"about":[{"href":"https:\/\/corrientesdetarde.com\/index.php\/wp-json\/wp\/v2\/types\/post"}],"author":[{"embeddable":true,"href":"https:\/\/corrientesdetarde.com\/index.php\/wp-json\/wp\/v2\/users\/6"}],"replies":[{"embeddable":true,"href":"https:\/\/corrientesdetarde.com\/index.php\/wp-json\/wp\/v2\/comments?post=182336"}],"version-history":[{"count":1,"href":"https:\/\/corrientesdetarde.com\/index.php\/wp-json\/wp\/v2\/posts\/182336\/revisions"}],"predecessor-version":[{"id":182344,"href":"https:\/\/corrientesdetarde.com\/index.php\/wp-json\/wp\/v2\/posts\/182336\/revisions\/182344"}],"wp:featuredmedia":[{"embeddable":true,"href":"https:\/\/corrientesdetarde.com\/index.php\/wp-json\/wp\/v2\/media\/182343"}],"wp:attachment":[{"href":"https:\/\/corrientesdetarde.com\/index.php\/wp-json\/wp\/v2\/media?parent=182336"}],"wp:term":[{"taxonomy":"category","embeddable":true,"href":"https:\/\/corrientesdetarde.com\/index.php\/wp-json\/wp\/v2\/categories?post=182336"},{"taxonomy":"post_tag","embeddable":true,"href":"https:\/\/corrientesdetarde.com\/index.php\/wp-json\/wp\/v2\/tags?post=182336"}],"curies":[{"name":"wp","href":"https:\/\/api.w.org\/{rel}","templated":true}]}}