{"id":182337,"date":"2024-12-31T18:01:00","date_gmt":"2024-12-31T21:01:00","guid":{"rendered":"https:\/\/corrientesdetarde.com\/?p=182337"},"modified":"2024-12-31T17:49:29","modified_gmt":"2024-12-31T20:49:29","slug":"detuvieron-a-menores-que-integran-parte-de-la-banda-de-los-platinados-pero-fueron-liberados","status":"publish","type":"post","link":"https:\/\/corrientesdetarde.com\/index.php\/policiales\/detuvieron-a-menores-que-integran-parte-de-la-banda-de-los-platinados-pero-fueron-liberados\/","title":{"rendered":"Detuvieron a menores que integran parte de la &#8220;banda de los platinados&#8221; pero fueron liberados."},"content":{"rendered":"\n<h2 class=\"wp-block-heading\">Se trata de integrantes de &#8220;la banda de los platinados&#8221;. Publican constantemente sus delitos en las redes sociales.<\/h2>\n\n\n\n<p>Cay\u00f3 parte de la &#8220;Banda de los Platinados&#8221; y secuestraron celulares vinculados a hechos delictivos. La Polic\u00eda de Corrientes inform\u00f3 que tres menores de edad fueron demorados la semana pasada luego de cometer varios delitos en Capital.&nbsp;<\/p>\n\n\n\n<p>Tras un r\u00e1pido accionar tres menores de edad fueron demorados quienes d\u00edas atr\u00e1s habr\u00edan cometido varios hechos delictivos. Por el hecho tambi\u00e9n secuestraron varios tel\u00e9fonos celulares, indic\u00f3 la oficina de Prensa de la Polic\u00eda de Corrientes.&nbsp;<br>&nbsp; &nbsp; &nbsp;<br>La investigaci\u00f3n estuvo a cargo de efectivos policiales dependientes del GRIM N\u00b0 5 y Comisaria 21ra quienes a partir de varios hechos delictivos registrados d\u00edas atr\u00e1s el viernes 27 demoraron a tres j\u00f3venes menores de edad, conocidos en la zona presumiblemente como la &#8220;Banda de los Platinados&#8221; (por su color de cabello). D\u00edas atr\u00e1s aparentemente habr\u00edan cometido varios hechos delictivos en zonas de Avenida Maip\u00fa y Valparaiso.<\/p>\n\n\n\n<p>Se trata de dos menores de 16 y uno de 17 a\u00f1os de edad, quienes ser\u00edan en principio sindicados como los supuestos autores de los hechos.<\/p>\n\n\n\n<p>La demora de los mismos, permiti\u00f3 que personal de la Comisaria 21ra lograra secuestrar varios tel\u00e9fonos celulares, que habr\u00edan sido denunciados como robados.&nbsp;<\/p>\n\n\n\n<p>Los demorados, luego de las distintas diligencias respectivas y tr\u00e1mites de rigor correspondientes, por disposici\u00f3n de las autoridades judiciales fueron entregados bajo acta respectiva a sus progenitores.<\/p>\n\n\n\n<p>Seg\u00fan indican fuentes period\u00edsticas la banda estar\u00eda integrada por al menos una veintena de menores (de entre 13 y 17 a\u00f1os), a quienes se los conoce como &#8220;los platinados&#8221;, realizan ataques y robos en la modalidad &#8220;pira\u00f1a&#8221; y tienen su centro de comando en el barrio San Antonio de la capital correntina.<\/p>\n","protected":false},"excerpt":{"rendered":"<p>Se trata de integrantes de &#8220;la banda de los platinados&#8221;. Publican constantemente sus delitos en las redes sociales. Cay\u00f3 parte de la &#8220;Banda de los Platinados&#8221; y secuestraron celulares vinculados&hellip; <\/p>\n","protected":false},"author":6,"featured_media":182338,"comment_status":"closed","ping_status":"open","sticky":false,"template":"","format":"standard","meta":{"footnotes":""},"categories":[33],"tags":[],"class_list":["post-182337","post","type-post","status-publish","format-standard","has-post-thumbnail","hentry","category-policiales"],"_links":{"self":[{"href":"https:\/\/corrientesdetarde.com\/index.php\/wp-json\/wp\/v2\/posts\/182337","targetHints":{"allow":["GET"]}}],"collection":[{"href":"https:\/\/corrientesdetarde.com\/index.php\/wp-json\/wp\/v2\/posts"}],"about":[{"href":"https:\/\/corrientesdetarde.com\/index.php\/wp-json\/wp\/v2\/types\/post"}],"author":[{"embeddable":true,"href":"https:\/\/corrientesdetarde.com\/index.php\/wp-json\/wp\/v2\/users\/6"}],"replies":[{"embeddable":true,"href":"https:\/\/corrientesdetarde.com\/index.php\/wp-json\/wp\/v2\/comments?post=182337"}],"version-history":[{"count":2,"href":"https:\/\/corrientesdetarde.com\/index.php\/wp-json\/wp\/v2\/posts\/182337\/revisions"}],"predecessor-version":[{"id":182340,"href":"https:\/\/corrientesdetarde.com\/index.php\/wp-json\/wp\/v2\/posts\/182337\/revisions\/182340"}],"wp:featuredmedia":[{"embeddable":true,"href":"https:\/\/corrientesdetarde.com\/index.php\/wp-json\/wp\/v2\/media\/182338"}],"wp:attachment":[{"href":"https:\/\/corrientesdetarde.com\/index.php\/wp-json\/wp\/v2\/media?parent=182337"}],"wp:term":[{"taxonomy":"category","embeddable":true,"href":"https:\/\/corrientesdetarde.com\/index.php\/wp-json\/wp\/v2\/categories?post=182337"},{"taxonomy":"post_tag","embeddable":true,"href":"https:\/\/corrientesdetarde.com\/index.php\/wp-json\/wp\/v2\/tags?post=182337"}],"curies":[{"name":"wp","href":"https:\/\/api.w.org\/{rel}","templated":true}]}}