{"id":182346,"date":"2024-12-31T18:24:00","date_gmt":"2024-12-31T21:24:00","guid":{"rendered":"https:\/\/corrientesdetarde.com\/?p=182346"},"modified":"2024-12-31T17:58:21","modified_gmt":"2024-12-31T20:58:21","slug":"luciano-pereyra-y-abel-pintos-cerraron-su-maraton-de-conciertos-en-el-luna-park","status":"publish","type":"post","link":"https:\/\/corrientesdetarde.com\/index.php\/espectaculos\/luciano-pereyra-y-abel-pintos-cerraron-su-maraton-de-conciertos-en-el-luna-park\/","title":{"rendered":"Luciano Pereyra y Abel Pintos cerraron su marat\u00f3n de conciertos en el Luna Park."},"content":{"rendered":"\n<h2 class=\"wp-block-heading\">El \u00faltimo recital de los 34 que hicieron en el m\u00edtico estadio se convirti\u00f3 en un momento emotivo, donde el p\u00fablico, con interminables aplausos, celebr\u00f3 el impacto de una conexi\u00f3n extraordinaria.<\/h2>\n\n\n\n<p>Cuando eso sucede, uno se dice: \u2018Es ahora\u2019\u201d. Con estas palabras cargadas de emoci\u00f3n,\u00a0<strong>Abel Pintos<\/strong>\u00a0resumi\u00f3 el significado de una etapa hist\u00f3rica en su carrera junto a\u00a0<strong>Luciano Pereyra<\/strong>, luego de cerrar el \u00faltimo show de su ciclo de conciertos en el m\u00edtico\u00a0<strong>Luna Park<\/strong>, la noche del 29 de diciembre de 2024.\u00a0<strong>\u201cDios y la m\u00fasica me siguen regalando momentos m\u00e1gicos. Una alegr\u00eda compartida es el doble de la alegr\u00eda\u201d<\/strong>, expres\u00f3\u00a0<strong>Luciano<\/strong>, visiblemente conmovido, tras bajar el tel\u00f3n de un espect\u00e1culo que ser\u00e1 recordado para siempre en la historia de la m\u00fasica y la cultura argentina. Este ciclo, titulado \u201c<strong>Es Ahora<\/strong>\u201d, no solo marc\u00f3 un r\u00e9cord absoluto con 34 noches consecutivas a sala llena, sino que tambi\u00e9n signific\u00f3 el fin de una era: el \u00faltimo show en el\u00a0<strong>Luna Park<\/strong>\u00a0antes de su cierre temporal para remodelaciones tras 92 a\u00f1os de historia.<\/p>\n\n\n\n<p><strong>\u201cUna uni\u00f3n m\u00e1gica\u201d<\/strong>, as\u00ed describieron los artistas esta etapa que los uni\u00f3 en una residencia in\u00e9dita de casi dos meses en uno de los escenarios m\u00e1s emblem\u00e1ticos del pa\u00eds, convocando a m\u00e1s de 219 mil personas y dejando una huella imborrable en el p\u00fablico.<\/p>\n\n\n\n<p>La dupla logr\u00f3 algo m\u00e1s que \u00e9xito comercial. Tambi\u00e9n se destac\u00f3 por su humanidad y compromiso. Con acciones solidarias como la donaci\u00f3n de 10,000 tickets al&nbsp;<strong>Hospital de Ni\u00f1os Ricardo Guti\u00e9rrez<\/strong>, ambos artistas demostraron que su colaboraci\u00f3n trascendi\u00f3 el \u00e1mbito musical. \u201cNo es ayer, no es ma\u00f1ana, es ahora\u201d, insisti\u00f3&nbsp;<strong>Luciano<\/strong>, sintetizando la filosof\u00eda detr\u00e1s de este proyecto tan especial.<\/p>\n\n\n\n<p>Una despedida hist\u00f3rica para el Luna Park<\/p>\n\n\n\n<p>La noche del 29 de diciembre de 2024 no solo marc\u00f3 el cierre de un ciclo de conciertos inolvidables, sino tambi\u00e9n el adi\u00f3s al escenario del\u00a0<strong>Luna Park<\/strong>, que cerrar\u00e1 sus puertas para iniciar un proceso de remodelaci\u00f3n tras m\u00e1s de 92 a\u00f1os de historia. Para\u00a0<strong>Luciano Pereyra y Abel Pintos<\/strong>, ser los \u00faltimos artistas en presentarse en este ic\u00f3nico lugar fue un privilegio y un honor que no tomaron a la ligera.\u00a0<strong>\u201cSentimos mucho respeto, mucha alegr\u00eda y nos sentimos muy orgullosos de haber vivido estas 34 noches junto a tantas almas que disfrutaron cada instante\u201d<\/strong>, expres\u00f3 Marcelo Gonz\u00e1lez, productor general del ciclo. Las palabras de Gonz\u00e1lez resonaron con fuerza durante el \u00edntimo momento que vivieron los artistas y el staff antes del ingreso del p\u00fablico. M\u00e1s de 100 personas, entre t\u00e9cnicos, productores y el equipo del estadio, se reunieron para una foto hist\u00f3rica en una de las tribunas del\u00a0<strong>Luna Park<\/strong>, un gesto que simboliz\u00f3 el trabajo conjunto y el cari\u00f1o compartido detr\u00e1s de bambalinas.<\/p>\n\n\n\n<p><a href=\"https:\/\/www.infobae.com\/deportes\/2024\/12\/31\/eligieron-al-futbolista-rey-de-america-y-al-mejor-dt-del-continente-en-que-posicion-terminaron-messi-y-scaloni\/\" target=\"_blank\" rel=\"noreferrer noopener\"><\/a>Luciano y Abel tambi\u00e9n tomaron la palabra durante esta reuni\u00f3n, agradeciendo al equipo por su dedicaci\u00f3n y esfuerzo.\u00a0<strong>\u201cEsto no hubiese sido posible sin ustedes. Gracias por hacer realidad este sue\u00f1o, que hoy queda en lo m\u00e1s alto de la m\u00fasica y del espect\u00e1culo argentino\u201d<\/strong>, declararon emocionados.\u00a0<strong>\u201cLas primeras 20 funciones se agotaron en apenas tres d\u00edas, un logro sin precedentes en la m\u00fasica nacional\u201d<\/strong>\u00a0resumi\u00f3 una de las noticias m\u00e1s celebradas del ciclo.<\/p>\n\n\n\n<h2 class=\"wp-block-heading\">El fen\u00f3meno detr\u00e1s de \u201cEs Ahora\u201d<\/h2>\n\n\n\n<p>Cuando\u00a0<strong>Luciano Pereyra<\/strong>\u00a0y\u00a0<strong>Abel Pintos<\/strong>\u00a0anunciaron su primera colaboraci\u00f3n musical, \u201c<strong>Es Ahora<\/strong>\u201d, nadie imaginaba el impacto que tendr\u00eda no solo en sus carreras, sino tambi\u00e9n en la escena musical argentina. La canci\u00f3n, compuesta junto al productor\u00a0<strong>Rodolfo Lugo<\/strong>, fue el punto de partida para un proyecto que transform\u00f3 su amistad de a\u00f1os en un espect\u00e1culo sin precedentes. Desde su estreno en plataformas digitales, \u201c<strong>Es Ahora\u201d se convirti\u00f3 en un \u00e9xito inmediato<\/strong>, marcando r\u00e9cords de visitas y descargas en sus primeras horas. Sin embargo, el verdadero fen\u00f3meno comenz\u00f3 cuando los artistas revelaron que esta uni\u00f3n iba m\u00e1s all\u00e1 de una canci\u00f3n. En un anuncio sorpresivo, confirmaron una residencia conjunta en el\u00a0<strong>Luna Park<\/strong>:\u00a0<strong>34 conciertos consecutivos, una cifra in\u00e9dita para un artista argentino en este formato.<\/strong><\/p>\n\n\n\n<p>Las expectativas no tardaron en materializarse. Las primeras 20 funciones se agotaron en apenas tres d\u00edas, y el ciclo completo vendi\u00f3 m\u00e1s de 219,000 tickets, consolid\u00e1ndose como un hito en la historia de la m\u00fasica nacional. Cada noche, los asistentes fueron testigos de una puesta en escena espectacular, con un escenario 360 que permiti\u00f3 a&nbsp;<strong>Luciano<\/strong>&nbsp;y&nbsp;<strong>Abel<\/strong>&nbsp;conectar \u00edntimamente con el p\u00fablico, sin importar desde d\u00f3nde se los mirara. El repertorio tambi\u00e9n jug\u00f3 un papel clave en esta experiencia inolvidable. \u201c<strong>Es Ahora<\/strong>\u201d fue la canci\u00f3n elegida para abrir cada show, seguida por un recorrido a d\u00fao por los mayores \u00e9xitos de ambos artistas. Cl\u00e1sicos como&nbsp;<strong>\u201cY as\u00ed y as\u00ed\u201d<\/strong>,&nbsp;<strong>\u201cDe solo vivir\u201d<\/strong>&nbsp;y&nbsp;<strong>\u201cQu\u00e9 suerte tiene \u00e9l\u201d<\/strong>&nbsp;encendieron a un p\u00fablico euf\u00f3rico, mientras que baladas como \u201cMotivos\u201d y \u201cLa llave\u201d desbordaron emoci\u00f3n y aplausos.<\/p>\n\n\n\n<h2 class=\"wp-block-heading\">Compromiso solidario: la m\u00fasica como puente para ayudar<\/h2>\n\n\n\n<p>Adem\u00e1s de marcar un hito musical y cultural,\u00a0<strong>\u201cEs Ahora\u201d<\/strong>\u00a0se destac\u00f3 por el profundo compromiso social que demostraron\u00a0<strong>Luciano Pereyra y Abel Pintos<\/strong>\u00a0a lo largo del ciclo de conciertos. Los artistas, conscientes del alcance de su convocatoria, decidieron utilizar esta oportunidad \u00fanica como una plataforma para generar impacto positivo m\u00e1s all\u00e1 del escenario. Una de las iniciativas m\u00e1s significativas fue la donaci\u00f3n de 10,000 entradas a la\u00a0<strong>Cooperadora del Hospital de Ni\u00f1os Ricardo Guti\u00e9rrez<\/strong>, con el objetivo de recaudar fondos para la remodelaci\u00f3n del pabell\u00f3n m\u00e1s antiguo del hospital. Esta acci\u00f3n no solo benefici\u00f3 a una de las instituciones pedi\u00e1tricas m\u00e1s importantes del pa\u00eds, sino que tambi\u00e9n dej\u00f3 en claro la visi\u00f3n humanitaria que ambos artistas comparten.\u00a0<strong>\u201cLa m\u00fasica no solo nos conecta, sino que tambi\u00e9n nos da la posibilidad de ser herramientas para algo m\u00e1s grande\u201d<\/strong>, destac\u00f3 Luciano.<\/p>\n\n\n\n<p>El ciclo de conciertos no fue solo un \u00e9xito por su ambiciosa duraci\u00f3n o su impecable ejecuci\u00f3n art\u00edstica; fue tambi\u00e9n una experiencia que marc\u00f3 un antes y un despu\u00e9s en la carrera de&nbsp;<strong>Luciano Pereyra<\/strong>&nbsp;y&nbsp;<strong>Abel Pintos<\/strong>, y en la historia de la m\u00fasica argentina.&nbsp;<strong>Durante casi dos meses, cada noche en el Luna Park<\/strong>&nbsp;fue una celebraci\u00f3n de la m\u00fasica, la amistad y el encuentro con el p\u00fablico. M\u00e1s all\u00e1 de los n\u00fameros \u2014con m\u00e1s de 219,000 entradas vendidas, un r\u00e9cord para cualquier artista argentino en este formato\u2014, lo que hizo de este espect\u00e1culo algo verdaderamente inolvidable fue&nbsp;<strong>la conexi\u00f3n emocional que se gener\u00f3 tanto en el escenario como entre la audiencia<\/strong>.<\/p>\n\n\n\n<p>\u201cEs dif\u00edcil explicar con palabras lo que sentimos cada vez que nos subimos al escenario y vemos las caras de todos ustedes. Es un privilegio, una bendici\u00f3n que nunca vamos a olvidar\u201d, confes\u00f3\u00a0<strong>Luciano<\/strong>\u00a0al final de una de las funciones. Su compa\u00f1ero y amigo,\u00a0<strong>Abel<\/strong>, a\u00f1adi\u00f3: \u201cEsto va m\u00e1s all\u00e1 de la m\u00fasica. Es una energ\u00eda que se comparte, una vibraci\u00f3n que nos atraviesa y nos une a todos\u201d. El espect\u00e1culo, con su impresionante escenario 360 y una puesta en escena que cuid\u00f3 cada detalle, logr\u00f3 combinar la calidez de un show \u00edntimo con la magnitud de un evento masivo. Las canciones, interpretadas tanto en solitario como en d\u00fao, fueron los pilares de esta experiencia, pero el verdadero motor fue\u00a0<strong>el v\u00ednculo palpable entre los artistas y su p\u00fablico<\/strong>.<\/p>\n\n\n\n<p>M\u00e1s all\u00e1 de lo que sucedi\u00f3 sobre el escenario, el legado de\u00a0<strong>\u201cEs Ahora\u201d<\/strong>\u00a0tambi\u00e9n est\u00e1 en los corazones de quienes trabajaron detr\u00e1s de escena. \u201cCuando miras hacia atr\u00e1s y ves todo lo que logramos juntos, te das cuenta de que este no es solo un proyecto, es una familia\u201d, asegur\u00f3 uno de los miembros del staff al concluir el \u00faltimo show. Esa familia incluy\u00f3 a los m\u00e1s de 100 profesionales que hicieron posible cada funci\u00f3n, desde t\u00e9cnicos y m\u00fasicos hasta productores y personal del estadio. El impacto del ciclo trasciende las paredes del\u00a0<strong>Luna Park<\/strong>.\u00a0<strong>Para Luciano y Abel, este proyecto no solo cierra un cap\u00edtulo inolvidable, sino que abre nuevas puertas para el futuro<\/strong>. Ambos reconocen que esta colaboraci\u00f3n marc\u00f3 sus carreras de formas que a\u00fan est\u00e1n por descubrir.\u00a0<strong>\u201cEsto no es un final, es un comienzo. De aqu\u00ed en adelante, creo que todo lo que hagamos llevar\u00e1 un pedacito de este proyecto con nosotros\u201d<\/strong>, se\u00f1al\u00f3\u00a0<strong>Abel<\/strong>\u00a0en una reflexi\u00f3n final sobre lo que signific\u00f3\u00a0<strong>\u201cEs Ahora\u201d<\/strong>.<\/p>\n\n\n\n<p>A medida que el\u00a0<strong>Luna Park<\/strong>\u00a0cierra sus puertas para comenzar un nuevo cap\u00edtulo en su propia historia, el espect\u00e1culo de\u00a0<strong>Luciano<\/strong>\u00a0y\u00a0<strong>Abel<\/strong>\u00a0queda grabado como un evento que sintetiz\u00f3 lo mejor de la m\u00fasica, la amistad y el compromiso social. Para los fan\u00e1ticos, para los artistas y para todos los que formaron parte de estas 34 noches, la frase que marc\u00f3 el ciclo seguir\u00e1 resonando como un recordatorio de lo vivido:\u00a0<strong>\u201cNo es ayer, no es ma\u00f1ana. Es ahora\u201d<\/strong>.<a href=\"https:\/\/www.infobae.com\/deportes\/2024\/12\/31\/eligieron-al-futbolista-rey-de-america-y-al-mejor-dt-del-continente-en-que-posicion-terminaron-messi-y-scaloni\/\" target=\"_blank\" rel=\"noreferrer noopener\"><\/a><\/p>\n\n\n\n<p><\/p>\n","protected":false},"excerpt":{"rendered":"<p>El \u00faltimo recital de los 34 que hicieron en el m\u00edtico estadio se convirti\u00f3 en un momento emotivo, donde el p\u00fablico, con interminables aplausos, celebr\u00f3 el impacto de una conexi\u00f3n&hellip; <\/p>\n","protected":false},"author":6,"featured_media":182347,"comment_status":"closed","ping_status":"open","sticky":false,"template":"","format":"standard","meta":{"footnotes":""},"categories":[19],"tags":[],"class_list":["post-182346","post","type-post","status-publish","format-standard","has-post-thumbnail","hentry","category-espectaculos"],"_links":{"self":[{"href":"https:\/\/corrientesdetarde.com\/index.php\/wp-json\/wp\/v2\/posts\/182346","targetHints":{"allow":["GET"]}}],"collection":[{"href":"https:\/\/corrientesdetarde.com\/index.php\/wp-json\/wp\/v2\/posts"}],"about":[{"href":"https:\/\/corrientesdetarde.com\/index.php\/wp-json\/wp\/v2\/types\/post"}],"author":[{"embeddable":true,"href":"https:\/\/corrientesdetarde.com\/index.php\/wp-json\/wp\/v2\/users\/6"}],"replies":[{"embeddable":true,"href":"https:\/\/corrientesdetarde.com\/index.php\/wp-json\/wp\/v2\/comments?post=182346"}],"version-history":[{"count":1,"href":"https:\/\/corrientesdetarde.com\/index.php\/wp-json\/wp\/v2\/posts\/182346\/revisions"}],"predecessor-version":[{"id":182348,"href":"https:\/\/corrientesdetarde.com\/index.php\/wp-json\/wp\/v2\/posts\/182346\/revisions\/182348"}],"wp:featuredmedia":[{"embeddable":true,"href":"https:\/\/corrientesdetarde.com\/index.php\/wp-json\/wp\/v2\/media\/182347"}],"wp:attachment":[{"href":"https:\/\/corrientesdetarde.com\/index.php\/wp-json\/wp\/v2\/media?parent=182346"}],"wp:term":[{"taxonomy":"category","embeddable":true,"href":"https:\/\/corrientesdetarde.com\/index.php\/wp-json\/wp\/v2\/categories?post=182346"},{"taxonomy":"post_tag","embeddable":true,"href":"https:\/\/corrientesdetarde.com\/index.php\/wp-json\/wp\/v2\/tags?post=182346"}],"curies":[{"name":"wp","href":"https:\/\/api.w.org\/{rel}","templated":true}]}}