{"id":182353,"date":"2024-12-31T18:59:00","date_gmt":"2024-12-31T21:59:00","guid":{"rendered":"https:\/\/corrientesdetarde.com\/?p=182353"},"modified":"2025-01-01T08:48:31","modified_gmt":"2025-01-01T11:48:31","slug":"el-ultimo-adios-a-jorge-lanata","status":"publish","type":"post","link":"https:\/\/corrientesdetarde.com\/index.php\/espectaculos\/el-ultimo-adios-a-jorge-lanata\/","title":{"rendered":"El \u00faltimo adi\u00f3s a Jorge Lanata."},"content":{"rendered":"\n<h2 class=\"wp-block-heading\">Los restos del periodista fueron trasladados a un cementerio privado de Florencio Varela y su c\u00edrculo m\u00e1s cercano, compuesto por familiares y colegas, se reuni\u00f3 para despedirlo.<\/h2>\n\n\n\n<p>El lunes 30 de diciembre por la tarde,\u00a0<strong>Jorge Lanata\u00a0<\/strong>falleci\u00f3 tras seis meses de internaci\u00f3n en el Hospital Italiano, poniendo fin a una larga lucha contra un delicado cuadro de salud. La noticia\u00a0<strong>no solo conmocion\u00f3 al rubro del periodismo, sino tambi\u00e9n a toda la sociedad por la huella imborrable que dej\u00f3 sus trabajos e investigaciones<\/strong>. La despedida, que\u00a0comenz\u00f3 en la Casa de la Cultura\u00a0de la Ciudad de Buenos Aires,\u00a0culmin\u00f3 este martes en el Cementerio Campanario Jard\u00edn de Paz<strong>, en Florencio Varela, donde se llev\u00f3 a cabo una ceremonia \u00edntima<\/strong>\u00a0cargada de detalles significativos.<\/p>\n\n\n\n<p>El entierro estuvo marcado por gestos cargados de simbolismo.\u00a0<strong>Sobre el caj\u00f3n se coloc\u00f3 una bandera argentina, un homenaje que reflej\u00f3 su profundo v\u00ednculo con el pa\u00eds y su legado period\u00edstico<\/strong>. Las coronas que rodearon su velatorio tambi\u00e9n acompa\u00f1aron su \u00faltima morada.\u00a0<strong>Elba Marcovecchio<\/strong>, su \u00faltima pareja, asisti\u00f3 vestida de negro junto a sus hijos y un grupo cercano de amigas. Tambi\u00e9n estuvieron presentes\u00a0<strong>Andrea Rodr\u00edguez<\/strong>, primera esposa de Jorge, junto a su hija\u00a0<strong>B\u00e1rbara<\/strong>, y\u00a0<strong>Lola<\/strong>, la hija menor del periodista, fruto de su relaci\u00f3n con\u00a0<strong>Sarah Stewart Brown<\/strong>, vestida de negro y acompa\u00f1ada por amigas.<\/p>\n\n\n\n<p>Entre los asistentes al entierro\u00a0<strong>se encontraban figuras cercanas al presentador. Entre ellos se destacaron colegas de Radio Mitre y El Trece<\/strong>\u00a0como\u00a0<strong>Eduardo Feinmann<\/strong>,\u00a0<strong>Diego Leuco<\/strong>,\u00a0<strong>Nacho Otero<\/strong>,\u00a0<strong>J\u00e9sica Bossi<\/strong>\u00a0y su marido;\u00a0<strong>Cecilia Boufflet<\/strong>\u00a0junto a su pareja<strong>\u00a0Santiago Garc\u00eda<\/strong>;\u00a0<strong>Julio L\u00f3pez<\/strong>;\u00a0<strong>Juan Caparr\u00f3s<\/strong>; y, finalmente,\u00a0<strong>Flavia Pitella<\/strong>. Incluso figuras del \u00e1mbito pol\u00edtico como\u00a0<strong>Mart\u00edn Tetaz<\/strong>\u00a0dieron el presente en la despedida. Sin embargo, las miradas estaban puestas en la familia del presentador, quienes tuvieron una gran presencia a lo largo de la ceremonia f\u00fanebre.<\/p>\n\n\n\n<figure class=\"wp-block-image size-full\"><img loading=\"lazy\" decoding=\"async\" width=\"992\" height=\"558\" src=\"https:\/\/corrientesdetarde.com\/wp-content\/uploads\/2024\/12\/image-1289.png\" alt=\"\" class=\"wp-image-182358\" srcset=\"https:\/\/corrientesdetarde.com\/wp-content\/uploads\/2024\/12\/image-1289.png 992w, https:\/\/corrientesdetarde.com\/wp-content\/uploads\/2024\/12\/image-1289-300x169.png 300w, https:\/\/corrientesdetarde.com\/wp-content\/uploads\/2024\/12\/image-1289-768x432.png 768w\" sizes=\"auto, (max-width: 992px) 100vw, 992px\" \/><\/figure>\n\n\n\n<p>En la capilla, B\u00e1rbara y Lola dedicaron palabras conmovedoras a su padre. La menor emocion\u00f3 a todos al leer un mensaje donde record\u00f3 los momentos compartidos con \u00e9l. A poco tiempo de concluir el entierro, Bossi, quien trabaj\u00f3 estrechamente con \u00e9l en<em>\u00a0Lanata sin filtro<\/em>, coment\u00f3 sobre el impacto de su discurso ante la prensa: \u201c<strong>Habl\u00f3 de las pel\u00edculas que ve\u00edan juntos, del tiempo que pasaban y de la libertad que \u00e9l le daba<\/strong>. Yo la escuchaba a ella y\u00a0<strong>escuchaba a Lanata porque hablaba de su relaci\u00f3n con una conexi\u00f3n hermosa<\/strong>. Fue triste, pero lindo escucharla tambi\u00e9n. Yo se lo dije: \u2018Tus palabras eran como escuchar a tu pap\u00e1 hablando de los dos.\u00a0<strong>Evidentemente, hab\u00eda una conexi\u00f3n hermosa<\/strong>\u2019\u201d.<\/p>\n\n\n\n<p>Sosteniendo esa misma l\u00ednea, J\u00e9sica, visiblemente afectada, habl\u00f3 sobre lo que le habr\u00eda gustado decirle a su compa\u00f1ero en este \u00faltimo adi\u00f3s: \u201cLe dir\u00eda: \u2018Ay, loco. Gracias\u2019.\u00a0<strong>Primero pens\u00e9 que le dir\u00eda \u2018una m\u00e1s\u2019, pero luego me di cuenta que ser\u00eda ego\u00edsta<\/strong>. Hace muchos a\u00f1os que se lo decimos y que pod\u00eda, ya que pele\u00f3 mucho por su vida. No s\u00e9 si sufri\u00f3, pero su final fue complicado y me parece que estuvo bien que se fuera. Por eso, gracias. Ya era el final\u201d.<\/p>\n\n\n\n<p>Adem\u00e1s, comparti\u00f3 una reflexi\u00f3n sobre las creencias de Lanata en sus \u00faltimos a\u00f1os: \u201cEn el \u00faltimo tiempo, \u00e9l cre\u00eda en Dios y hablaba de que, cuando uno muere, est\u00e1 en las estrellas. Entonces, creo que hoy a la noche, quienes lo queremos, seguimos o trabajamos con \u00e9l, o lo le\u00edmos, tenemos que ver al cielo porque est\u00e1 ah\u00ed\u201d. Para Bossi, el legado de su compa\u00f1ero es claro: \u201c<strong>Irreverente, provocador, profesional, distinto e insisto: maestro de generaciones<\/strong>\u201d.<\/p>\n\n\n\n<p>Otro detalle que llam\u00f3 la atenci\u00f3n al poco tiempo de finalizar el encuentro fue Marcovecchio, la \u00faltima esposa del periodista. Acongojada por la partida de su marido, se acerc\u00f3 brevemente a los medios y le dedic\u00f3 unas palabras. \u201c<strong>Lo \u00fanico que le agradecemos es el amor a la gente. Fue muy emocionante, Jorge se lo merece. Destaco su amor<\/strong>\u201d, expres\u00f3, con su voz a punto de quebrar, ante la c\u00e1mara de&nbsp;<em>Intrusos&nbsp;<\/em>(Am\u00e9rica) y, acto seguido, se alej\u00f3 para reunirse con sus allegados.<\/p>\n\n\n\n<p>El \u00faltimo adi\u00f3s a Lanata\u00a0<strong>no solo reflej\u00f3 el cari\u00f1o y respeto de sus colegas y seres queridos, sino que consolid\u00f3 su figura como un \u00edcono del periodismo argentino<\/strong>. Los detalles del entierro y el testimonio de quienes lo conocieron profundamente resonaron como un homenaje a un hombre que dej\u00f3 una marca imborrable en el mundo de los medios y en la historia del pa\u00eds.<\/p>\n\n\n\n<p><a href=\"https:\/\/www.infobae.com\/deportes\/2024\/12\/31\/el-divertido-cruce-entre-dibu-martinez-y-rodrigo-de-paul-que-fue-furor-entre-los-fanaticos-vivi-en-el-ano-que-quieras\/\" target=\"_blank\" rel=\"noreferrer noopener\"><\/a><\/p>\n\n\n\n<p><\/p>\n","protected":false},"excerpt":{"rendered":"<p>Los restos del periodista fueron trasladados a un cementerio privado de Florencio Varela y su c\u00edrculo m\u00e1s cercano, compuesto por familiares y colegas, se reuni\u00f3 para despedirlo. El lunes 30&hellip; <\/p>\n","protected":false},"author":6,"featured_media":182359,"comment_status":"closed","ping_status":"open","sticky":false,"template":"","format":"standard","meta":{"footnotes":""},"categories":[26,19],"tags":[],"class_list":["post-182353","post","type-post","status-publish","format-standard","has-post-thumbnail","hentry","category-destacados","category-espectaculos"],"_links":{"self":[{"href":"https:\/\/corrientesdetarde.com\/index.php\/wp-json\/wp\/v2\/posts\/182353","targetHints":{"allow":["GET"]}}],"collection":[{"href":"https:\/\/corrientesdetarde.com\/index.php\/wp-json\/wp\/v2\/posts"}],"about":[{"href":"https:\/\/corrientesdetarde.com\/index.php\/wp-json\/wp\/v2\/types\/post"}],"author":[{"embeddable":true,"href":"https:\/\/corrientesdetarde.com\/index.php\/wp-json\/wp\/v2\/users\/6"}],"replies":[{"embeddable":true,"href":"https:\/\/corrientesdetarde.com\/index.php\/wp-json\/wp\/v2\/comments?post=182353"}],"version-history":[{"count":1,"href":"https:\/\/corrientesdetarde.com\/index.php\/wp-json\/wp\/v2\/posts\/182353\/revisions"}],"predecessor-version":[{"id":182360,"href":"https:\/\/corrientesdetarde.com\/index.php\/wp-json\/wp\/v2\/posts\/182353\/revisions\/182360"}],"wp:featuredmedia":[{"embeddable":true,"href":"https:\/\/corrientesdetarde.com\/index.php\/wp-json\/wp\/v2\/media\/182359"}],"wp:attachment":[{"href":"https:\/\/corrientesdetarde.com\/index.php\/wp-json\/wp\/v2\/media?parent=182353"}],"wp:term":[{"taxonomy":"category","embeddable":true,"href":"https:\/\/corrientesdetarde.com\/index.php\/wp-json\/wp\/v2\/categories?post=182353"},{"taxonomy":"post_tag","embeddable":true,"href":"https:\/\/corrientesdetarde.com\/index.php\/wp-json\/wp\/v2\/tags?post=182353"}],"curies":[{"name":"wp","href":"https:\/\/api.w.org\/{rel}","templated":true}]}}