{"id":182362,"date":"2024-12-31T19:37:39","date_gmt":"2024-12-31T22:37:39","guid":{"rendered":"https:\/\/corrientesdetarde.com\/?p=182362"},"modified":"2024-12-31T19:37:50","modified_gmt":"2024-12-31T22:37:50","slug":"jorge-macri-se-refirio-a-la-relacion-entre-el-pro-y-la-libertad-avanza","status":"publish","type":"post","link":"https:\/\/corrientesdetarde.com\/index.php\/politica\/jorge-macri-se-refirio-a-la-relacion-entre-el-pro-y-la-libertad-avanza\/","title":{"rendered":"Jorge Macri se refiri\u00f3 a la relaci\u00f3n entre el PRO y La Libertad Avanza."},"content":{"rendered":"\n<h2 class=\"wp-block-heading\">El jefe de Gobierno porte\u00f1o habl\u00f3 luego de las cr\u00edticas que recibi\u00f3 por su decisi\u00f3n de desdoblar las elecciones locales. Adem\u00e1s, analiz\u00f3 la decisi\u00f3n del presidente Javier Milei de no enviar al Congreso el Presupuesto 2025.<\/h2>\n\n\n\n<p>El jefe de Gobierno porte\u00f1o,<strong>&nbsp;Jorge Macri,&nbsp;<\/strong>habl\u00f3 sobre la actual relaci\u00f3n entre el&nbsp;<strong>PRO y La Libertad Avanza (LLA)<\/strong>, en medio de las tensiones por el desdoblamiento de las elecciones en la Ciudad.<\/p>\n\n\n\n<p>Sobre las cr\u00edticas que recibi\u00f3 por parte de funcionarios de LLA, Macri asegur\u00f3 que es \u201cescaso debatir una elecci\u00f3n en t\u00e9rminos de m\u00e1s o menos plata. La diferencia de costos es casi nula entre desdoblar la elecci\u00f3n o hacerla el mismo d\u00eda que la nacional\u201d. \u201cLos que critican el desdoblamiento tiran t\u00edtulos, pero saben poco\u201d, agreg\u00f3.<\/p>\n\n\n\n<p>\u201cMe hubiese gustado tener un acompa\u00f1amiento de La Libertad Avanza en la Ciudad m\u00e1s parecido al que nosotros le dimos en el Congreso\u201d, analiz\u00f3 Macri en declaraciones a&nbsp;<em>CNN Radio<\/em>. En ese sentido, el jefe de Gobierno detall\u00f3 que \u201chay claroscuros\u201d en las relaciones con la gesti\u00f3n de<strong>&nbsp;Javier Milei.<\/strong><\/p>\n\n\n\n<figure class=\"wp-block-image size-large\"><img loading=\"lazy\" decoding=\"async\" width=\"1024\" height=\"576\" src=\"https:\/\/corrientesdetarde.com\/wp-content\/uploads\/2024\/12\/image-1290-1024x576.png\" alt=\"\" class=\"wp-image-182367\" srcset=\"https:\/\/corrientesdetarde.com\/wp-content\/uploads\/2024\/12\/image-1290-1024x576.png 1024w, https:\/\/corrientesdetarde.com\/wp-content\/uploads\/2024\/12\/image-1290-300x169.png 300w, https:\/\/corrientesdetarde.com\/wp-content\/uploads\/2024\/12\/image-1290-768x432.png 768w, https:\/\/corrientesdetarde.com\/wp-content\/uploads\/2024\/12\/image-1290.png 1440w\" sizes=\"auto, (max-width: 1024px) 100vw, 1024px\" \/><\/figure>\n\n\n\n<p>El mandatario resalt\u00f3 que logr\u00f3 aprobar el Presupuesto 2025, a diferencia de Milei, y asegur\u00f3 que \u201ctrabajar sin presupuesto es complicado, el mundo espera gestos institucionales, certezas.&nbsp;<strong>Lo peor es ni siquiera intentarlo porque a vos te puede ir mal, pod\u00e9s mandar un proyecto de ley y no lograrlo<\/strong>. Como me pas\u00f3 a mi, que tuve que generar consensos\u201d.<\/p>\n\n\n\n<p>\u201cA las ideas las transformo en realidades. Yo gestiono sin versos, no relato,&nbsp;<strong>no trato de ganar impacto en redes o generar un like m\u00e1s<\/strong>\u201d, agreg\u00f3 el funcionario.<\/p>\n\n\n\n<p>Sobre la \u00faltima\u00a0fuga de presos de la comisar\u00eda de Liniers, Macri adelant\u00f3 que \u201c<strong>en 2025 la c\u00e1rcel de Marcos Paz va a estar terminada<\/strong>\u00a0y la c\u00e1rcel de Devoto se va a ir liberando gradualmente\u201d porque \u201clas comisar\u00edas no son lugares para tener presos y las alcaid\u00edas son para tener presos poco tiempo\u201d. \u201cEstamos trabajando en un servicio penitenciario de la Ciudad, con espacio f\u00edsico en Ezeiza y Marcos Paz\u201d, profundiz\u00f3.<\/p>\n","protected":false},"excerpt":{"rendered":"<p>El jefe de Gobierno porte\u00f1o habl\u00f3 luego de las cr\u00edticas que recibi\u00f3 por su decisi\u00f3n de desdoblar las elecciones locales. Adem\u00e1s, analiz\u00f3 la decisi\u00f3n del presidente Javier Milei de no&hellip; <\/p>\n","protected":false},"author":6,"featured_media":182368,"comment_status":"closed","ping_status":"open","sticky":false,"template":"","format":"standard","meta":{"footnotes":""},"categories":[3],"tags":[],"class_list":["post-182362","post","type-post","status-publish","format-standard","has-post-thumbnail","hentry","category-politica"],"_links":{"self":[{"href":"https:\/\/corrientesdetarde.com\/index.php\/wp-json\/wp\/v2\/posts\/182362","targetHints":{"allow":["GET"]}}],"collection":[{"href":"https:\/\/corrientesdetarde.com\/index.php\/wp-json\/wp\/v2\/posts"}],"about":[{"href":"https:\/\/corrientesdetarde.com\/index.php\/wp-json\/wp\/v2\/types\/post"}],"author":[{"embeddable":true,"href":"https:\/\/corrientesdetarde.com\/index.php\/wp-json\/wp\/v2\/users\/6"}],"replies":[{"embeddable":true,"href":"https:\/\/corrientesdetarde.com\/index.php\/wp-json\/wp\/v2\/comments?post=182362"}],"version-history":[{"count":2,"href":"https:\/\/corrientesdetarde.com\/index.php\/wp-json\/wp\/v2\/posts\/182362\/revisions"}],"predecessor-version":[{"id":182372,"href":"https:\/\/corrientesdetarde.com\/index.php\/wp-json\/wp\/v2\/posts\/182362\/revisions\/182372"}],"wp:featuredmedia":[{"embeddable":true,"href":"https:\/\/corrientesdetarde.com\/index.php\/wp-json\/wp\/v2\/media\/182368"}],"wp:attachment":[{"href":"https:\/\/corrientesdetarde.com\/index.php\/wp-json\/wp\/v2\/media?parent=182362"}],"wp:term":[{"taxonomy":"category","embeddable":true,"href":"https:\/\/corrientesdetarde.com\/index.php\/wp-json\/wp\/v2\/categories?post=182362"},{"taxonomy":"post_tag","embeddable":true,"href":"https:\/\/corrientesdetarde.com\/index.php\/wp-json\/wp\/v2\/tags?post=182362"}],"curies":[{"name":"wp","href":"https:\/\/api.w.org\/{rel}","templated":true}]}}