{"id":182370,"date":"2024-12-31T19:41:03","date_gmt":"2024-12-31T22:41:03","guid":{"rendered":"https:\/\/corrientesdetarde.com\/?p=182370"},"modified":"2025-01-01T08:43:31","modified_gmt":"2025-01-01T11:43:31","slug":"el-gobernador-dejo-su-saludo-a-los-correntinos-en-las-redes-sociales","status":"publish","type":"post","link":"https:\/\/corrientesdetarde.com\/index.php\/politica\/el-gobernador-dejo-su-saludo-a-los-correntinos-en-las-redes-sociales\/","title":{"rendered":"El Gobernador dej\u00f3 su saludo a los correntinos en las redes sociales."},"content":{"rendered":"\n<h2 class=\"wp-block-heading\">El primer mandatario de la provincia Gustavo Vald\u00e9s, realiz\u00f3 el tradicional saludo de A\u00f1o Nuevo en la tarde de este martes 31.<\/h2>\n\n\n\n<p>A trav\u00e9s de sus redes sociales, el gobernador Gustavo Vald\u00e9s&nbsp;poste\u00f3 un video donde se lo puede ver interactuando con una caja de preguntas y respuestas de Instagram. En ella, realiz\u00f3 la siguiente pregunta: \u00bfCu\u00e1l es tu deseo para este 2025?&nbsp;<\/p>\n\n\n\n<p>Tras recibir respuestas, Vald\u00e9s se\u00f1al\u00f3 que su deseo es: &#8220;Que este nuevo a\u00f1os nos encuentre trabajando juntos para construir el futuro de todos&#8230; Feliz A\u00f1o&#8221;.<\/p>\n\n\n\n<figure class=\"wp-block-embed is-type-rich is-provider-twitter wp-block-embed-twitter\"><div class=\"wp-block-embed__wrapper\">\nhttps:\/\/twitter.com\/gustavovaldesok\/status\/1874210374272393495\n<\/div><\/figure>\n","protected":false},"excerpt":{"rendered":"<p>El primer mandatario de la provincia Gustavo Vald\u00e9s, realiz\u00f3 el tradicional saludo de A\u00f1o Nuevo en la tarde de este martes 31. A trav\u00e9s de sus redes sociales, el gobernador&hellip; <\/p>\n","protected":false},"author":6,"featured_media":182416,"comment_status":"closed","ping_status":"open","sticky":false,"template":"","format":"standard","meta":{"footnotes":""},"categories":[23,3],"tags":[],"class_list":["post-182370","post","type-post","status-publish","format-standard","has-post-thumbnail","hentry","category-actualidad","category-politica"],"_links":{"self":[{"href":"https:\/\/corrientesdetarde.com\/index.php\/wp-json\/wp\/v2\/posts\/182370","targetHints":{"allow":["GET"]}}],"collection":[{"href":"https:\/\/corrientesdetarde.com\/index.php\/wp-json\/wp\/v2\/posts"}],"about":[{"href":"https:\/\/corrientesdetarde.com\/index.php\/wp-json\/wp\/v2\/types\/post"}],"author":[{"embeddable":true,"href":"https:\/\/corrientesdetarde.com\/index.php\/wp-json\/wp\/v2\/users\/6"}],"replies":[{"embeddable":true,"href":"https:\/\/corrientesdetarde.com\/index.php\/wp-json\/wp\/v2\/comments?post=182370"}],"version-history":[{"count":1,"href":"https:\/\/corrientesdetarde.com\/index.php\/wp-json\/wp\/v2\/posts\/182370\/revisions"}],"predecessor-version":[{"id":182374,"href":"https:\/\/corrientesdetarde.com\/index.php\/wp-json\/wp\/v2\/posts\/182370\/revisions\/182374"}],"wp:featuredmedia":[{"embeddable":true,"href":"https:\/\/corrientesdetarde.com\/index.php\/wp-json\/wp\/v2\/media\/182416"}],"wp:attachment":[{"href":"https:\/\/corrientesdetarde.com\/index.php\/wp-json\/wp\/v2\/media?parent=182370"}],"wp:term":[{"taxonomy":"category","embeddable":true,"href":"https:\/\/corrientesdetarde.com\/index.php\/wp-json\/wp\/v2\/categories?post=182370"},{"taxonomy":"post_tag","embeddable":true,"href":"https:\/\/corrientesdetarde.com\/index.php\/wp-json\/wp\/v2\/tags?post=182370"}],"curies":[{"name":"wp","href":"https:\/\/api.w.org\/{rel}","templated":true}]}}