{"id":182379,"date":"2024-12-31T19:51:25","date_gmt":"2024-12-31T22:51:25","guid":{"rendered":"https:\/\/corrientesdetarde.com\/?p=182379"},"modified":"2024-12-31T19:51:37","modified_gmt":"2024-12-31T22:51:37","slug":"otro-sospechoso-fue-detenido-por-el-crimen-de-la-joven-descuartizada-en-lomas-de-zamora","status":"publish","type":"post","link":"https:\/\/corrientesdetarde.com\/index.php\/crimen-y-justicia\/otro-sospechoso-fue-detenido-por-el-crimen-de-la-joven-descuartizada-en-lomas-de-zamora\/","title":{"rendered":"Otro sospechoso fue detenido por el crimen de la joven descuartizada en Lomas de Zamora"},"content":{"rendered":"\n<h2 class=\"wp-block-heading\">Se trata de Fabio Resqu\u00edn. Se cree que junto a su hermano Juan Resqu\u00edn, que contin\u00faa pr\u00f3fugo, y a Carlos Ayoza, el primo de la v\u00edctima, habr\u00eda asesinado a Candela Azoya (17).<\/h2>\n\n\n\n<p>A m\u00e1s de un mes del\u00a0<strong>femicidio de Candela Azoya<\/strong>, la joven de 17 a\u00f1os que fue encontrada descuartizada en un basural de Lomas de Zamora, la Polic\u00eda detuvo a otro de los sospechosos en la causa. Se trata de<strong>\u00a0Fabio Resqu\u00edn<\/strong>, de quien se sospecha haber llevado a cabo el asesinato junto a su hermano Juan Resqu\u00edn, que contin\u00faa pr\u00f3fugo, y a Carlos Ayoza, primo de la v\u00edctima.<\/p>\n\n\n\n<p>El \u00faltimo detenido fue reconocido por un familiar de la chica en la estaci\u00f3n Constituci\u00f3n de la l\u00ednea de tren General Roca. \u201c<strong>En un comienzo el acusado dio otra identidad<\/strong>, como as\u00ed tambi\u00e9n intent\u00f3 presentar un carnet de discapacitado, a nombre de otra persona, pero tras ser interpelado por la polic\u00eda, reconoci\u00f3 llamar Fabio Resqu\u00edn\u201d, indicaron fuentes policiales a&nbsp;<em>Noticias Argentinas<\/em>.<\/p>\n\n\n\n<p>El 27 de noviembre, la madre de Candela hab\u00eda radicado la denuncia por desaparici\u00f3n en la comisar\u00eda de Ingeniero Budge. Dijo que su hija se hab\u00eda ido de la casa por la tarde a la Plaza Santa Marta<strong>\u00a0\u201ca buscar unas zapatillas\u201d y que nunca volvi\u00f3<\/strong>.<\/p>\n\n\n\n<figure class=\"wp-block-image size-large\"><img loading=\"lazy\" decoding=\"async\" width=\"1024\" height=\"1024\" src=\"https:\/\/corrientesdetarde.com\/wp-content\/uploads\/2024\/12\/image-1292-1024x1024.png\" alt=\"\" class=\"wp-image-182382\" srcset=\"https:\/\/corrientesdetarde.com\/wp-content\/uploads\/2024\/12\/image-1292-1024x1024.png 1024w, https:\/\/corrientesdetarde.com\/wp-content\/uploads\/2024\/12\/image-1292-300x300.png 300w, https:\/\/corrientesdetarde.com\/wp-content\/uploads\/2024\/12\/image-1292-150x150.png 150w, https:\/\/corrientesdetarde.com\/wp-content\/uploads\/2024\/12\/image-1292-768x768.png 768w, https:\/\/corrientesdetarde.com\/wp-content\/uploads\/2024\/12\/image-1292.png 1440w\" sizes=\"auto, (max-width: 1024px) 100vw, 1024px\" \/><\/figure>\n\n\n\n<p>La versi\u00f3n de la familia coincide con la de la vendedora online, quien aport\u00f3 una conversaci\u00f3n de Whatsapp donde la joven le consultaba por un par de zapatillas para hombre. Sin embargo,<strong>&nbsp;la v\u00edctima nunca respondi\u00f3 tras recibir el mensaje con el valor del calzado<\/strong>, por lo tanto, la compra no se efectu\u00f3.<\/p>\n\n\n\n<p>Seg\u00fan se supo horas despu\u00e9s, la chica fue vista por \u00faltima vez el mismo mi\u00e9rcoles acompa\u00f1ada por un hombre y una mujer, caminando sobre calle Copihue con sentido hacia calle Voltaire. Luego se supo que<a href=\"https:\/\/tn.com.ar\/policiales\/2024\/12\/03\/detuvieron-al-primo-de-la-adolescente-que-encontraron-descuartizada-y-quemada-en-lomas-hay-dos-profugos\/\" target=\"_blank\" rel=\"noreferrer noopener\"><strong>&nbsp;se trataba de su primo Carlos Ayoza (22) y la novia<\/strong><\/a>.<\/p>\n\n\n\n<p>Ayoza fue detenido horas despu\u00e9s del crimen, y fue imputado por el delito de \u201c<strong>homicidio doblemente agravado, en contexto de violencia de g\u00e9nero y concurso premeditado de 3 o m\u00e1s personas<\/strong>\u201d. La causa qued\u00f3 a cargo del fiscal Jos\u00e9 Luis Ju\u00e1rez de la UFI N\u00b012 de Lomas de Zamora.<\/p>\n\n\n\n<h2 class=\"wp-block-heading\">Un video clave<\/h2>\n\n\n\n<p>Dos d\u00edas despu\u00e9s de la desaparici\u00f3n de Candela,&nbsp;<strong>su cuerpo fue encontrado quemado y descuartizado<\/strong>. Los restos de la joven estaban en la basura en el cruce de la calle Facundo Quiroga y las v\u00edas del Ferrocarril Roca (Ramal Haedo), en la localidad de Villa Albertina.<\/p>\n\n\n\n<p>Tras un llamado al 911, efectivos policiales llegaron al lugar y consignaron el hallazgo de un pie, la cabeza y otras partes humanas&nbsp;<strong>semicalcinadas.&nbsp;<\/strong>Adem\u00e1s, en un predio cercano a las v\u00edas, encontraron prendas de vestir que fueron reconocidas por la madre de la joven.<\/p>\n\n\n\n<p>Durante las primeras pericias, los polic\u00edas pudieron acceder a las im\u00e1genes registradas por la c\u00e1mara de seguridad de una casa, donde se puede ver que\u00a0<strong>un grupo de cuatro hombres subieron una bolsa a un carro<\/strong>. Los investigadores creen que\u00a0<strong>as\u00ed trasladaron el cad\u00e1ver de Azoya hasta el lugar donde fue prendido fuego<\/strong>.<\/p>\n\n\n\n<p>Ese registro tambi\u00e9n resulta clave para\u00a0<strong>saber c\u00f3mo actuaron los involucrados<\/strong>: uno de los sospechosos vigilaba la zona, mientras el resto acomoda el bulto y caminan en una direcci\u00f3n. Luego, cambiaron el rumbo y se alejaron.<\/p>\n","protected":false},"excerpt":{"rendered":"<p>Se trata de Fabio Resqu\u00edn. Se cree que junto a su hermano Juan Resqu\u00edn, que contin\u00faa pr\u00f3fugo, y a Carlos Ayoza, el primo de la v\u00edctima, habr\u00eda asesinado a Candela&hellip; <\/p>\n","protected":false},"author":6,"featured_media":182383,"comment_status":"closed","ping_status":"open","sticky":false,"template":"","format":"standard","meta":{"footnotes":""},"categories":[5],"tags":[],"class_list":["post-182379","post","type-post","status-publish","format-standard","has-post-thumbnail","hentry","category-crimen-y-justicia"],"_links":{"self":[{"href":"https:\/\/corrientesdetarde.com\/index.php\/wp-json\/wp\/v2\/posts\/182379","targetHints":{"allow":["GET"]}}],"collection":[{"href":"https:\/\/corrientesdetarde.com\/index.php\/wp-json\/wp\/v2\/posts"}],"about":[{"href":"https:\/\/corrientesdetarde.com\/index.php\/wp-json\/wp\/v2\/types\/post"}],"author":[{"embeddable":true,"href":"https:\/\/corrientesdetarde.com\/index.php\/wp-json\/wp\/v2\/users\/6"}],"replies":[{"embeddable":true,"href":"https:\/\/corrientesdetarde.com\/index.php\/wp-json\/wp\/v2\/comments?post=182379"}],"version-history":[{"count":2,"href":"https:\/\/corrientesdetarde.com\/index.php\/wp-json\/wp\/v2\/posts\/182379\/revisions"}],"predecessor-version":[{"id":182385,"href":"https:\/\/corrientesdetarde.com\/index.php\/wp-json\/wp\/v2\/posts\/182379\/revisions\/182385"}],"wp:featuredmedia":[{"embeddable":true,"href":"https:\/\/corrientesdetarde.com\/index.php\/wp-json\/wp\/v2\/media\/182383"}],"wp:attachment":[{"href":"https:\/\/corrientesdetarde.com\/index.php\/wp-json\/wp\/v2\/media?parent=182379"}],"wp:term":[{"taxonomy":"category","embeddable":true,"href":"https:\/\/corrientesdetarde.com\/index.php\/wp-json\/wp\/v2\/categories?post=182379"},{"taxonomy":"post_tag","embeddable":true,"href":"https:\/\/corrientesdetarde.com\/index.php\/wp-json\/wp\/v2\/tags?post=182379"}],"curies":[{"name":"wp","href":"https:\/\/api.w.org\/{rel}","templated":true}]}}