{"id":182408,"date":"2025-01-01T08:46:24","date_gmt":"2025-01-01T11:46:24","guid":{"rendered":"https:\/\/corrientesdetarde.com\/?p=182408"},"modified":"2025-01-01T08:47:15","modified_gmt":"2025-01-01T11:47:15","slug":"nato-el-carpincho-correntino-que-era-alimentado-a-galletitas-ahora-disfruta-de-su-habitat","status":"publish","type":"post","link":"https:\/\/corrientesdetarde.com\/index.php\/medio-ambiente\/nato-el-carpincho-correntino-que-era-alimentado-a-galletitas-ahora-disfruta-de-su-habitat\/","title":{"rendered":"\u00d1ato, el carpincho correntino que era alimentado a galletitas ahora disfruta de su h\u00e1bitat"},"content":{"rendered":"\n<p>En Corrientes, donde la biodiversidad abunda, \u00d1ato, un peque\u00f1o carpincho, fue encontrado por una familia cuando ten\u00eda menos de un a\u00f1o. Lo adoptaron y lo criaron en su hogar, pero lo que comenz\u00f3 como una convivencia amistosa se transform\u00f3 en una relaci\u00f3n insostenible. &nbsp;<\/p>\n\n\n\n<p>La dieta de \u00d1ato consist\u00eda principalmente en galletitas, pan y otros hidratos de carbono, muy distinta a la alimentaci\u00f3n natural de un carpincho, basada en vegetales. Mientras crec\u00eda, comenzaron a emerger los comportamientos propios de su especie. Con una masa muscular potente, dientes grandes y afilados, y extremidades fuertes, el animal empez\u00f3 a causar destrozos en el hogar, volviendo la convivencia peligrosa. &nbsp;<\/p>\n\n\n\n<p>Cuando cumpli\u00f3 un a\u00f1o, la familia tom\u00f3 una decisi\u00f3n dif\u00edcil pero responsable: lo trasladaron al Bioparque Temaik\u00e9n, donde inici\u00f3 un proceso de rehabilitaci\u00f3n en el Centro de Recuperaci\u00f3n de Especies Temaik\u00e9n (CRET). Sin embargo, su adaptaci\u00f3n no fue f\u00e1cil. Acostumbrado a una dieta inapropiada, rechazar vegetales y adoptar una alimentaci\u00f3n adecuada a su especie tom\u00f3 tiempo y esfuerzo. &nbsp;<\/p>\n\n\n\n<p>Hoy, el carpincho vive en un ambiente dise\u00f1ado para simular su h\u00e1bitat natural, compartiendo espacio con peces y un yacar\u00e9. Sin embargo, el contacto prolongado con humanos afect\u00f3 su capacidad para interactuar con otros carpinchos, imposibilitando su reintegraci\u00f3n al medio silvestre. &nbsp;<\/p>\n\n\n\n<p>\u00d1ato es solo un ejemplo de los efectos perjudiciales del mascotismo en animales silvestres. Miles de especies son extra\u00eddas de su h\u00e1bitat y convertidas en mascotas, lo que no solo afecta su salud f\u00edsica y emocional, sino que tambi\u00e9n compromete la biodiversidad y la seguridad ambiental. &nbsp;<\/p>\n\n\n\n<p>Para concientizar sobre este problema, Fundaci\u00f3n Temaik\u00e9n, el Instituto Jane Goodall Argentina y WCS Argentina lanzaron la segunda edici\u00f3n de la campa\u00f1a de bien p\u00fablico \u201cNo Soy Mascota\u201d, que busca educar a la poblaci\u00f3n sobre las consecuencias del mascotismo y del comercio ilegal de fauna. &nbsp;<\/p>\n\n\n\n<figure class=\"wp-block-image size-large\"><img loading=\"lazy\" decoding=\"async\" width=\"1024\" height=\"576\" src=\"https:\/\/corrientesdetarde.com\/wp-content\/uploads\/2025\/01\/image-7-1024x576.png\" alt=\"\" class=\"wp-image-182423\" srcset=\"https:\/\/corrientesdetarde.com\/wp-content\/uploads\/2025\/01\/image-7-1024x576.png 1024w, https:\/\/corrientesdetarde.com\/wp-content\/uploads\/2025\/01\/image-7-300x169.png 300w, https:\/\/corrientesdetarde.com\/wp-content\/uploads\/2025\/01\/image-7-768x432.png 768w, https:\/\/corrientesdetarde.com\/wp-content\/uploads\/2025\/01\/image-7.png 1200w\" sizes=\"auto, (max-width: 1024px) 100vw, 1024px\" \/><\/figure>\n\n\n\n<p><strong>\u00bfC\u00f3mo se puede contribuir?<\/strong><\/p>\n\n\n\n<p><br>1. No comprar animales silvestres: Aseg\u00farate de que las mascotas que adoptes provengan de fuentes legales y \u00e9ticas. &nbsp;<br>2. Denunciar la venta ilegal: Notifica a las autoridades cuando detectes comercio ilegal de fauna. &nbsp;<br>3. Ser responsables en redes sociales: Evita promover contenido que pueda incentivar la compra de animales silvestres. &nbsp;<\/p>\n\n\n\n<p>La historia de \u00d1ato nos recuerda que, aunque la intenci\u00f3n sea buena, mantener animales silvestres como mascotas genera m\u00e1s da\u00f1o que beneficio. Proteger la biodiversidad comienza con nuestras elecciones y con el respeto por cada especie en su entorno natural.&nbsp;<\/p>\n","protected":false},"excerpt":{"rendered":"<p>En Corrientes, donde la biodiversidad abunda, \u00d1ato, un peque\u00f1o carpincho, fue encontrado por una familia cuando ten\u00eda menos de un a\u00f1o. Lo adoptaron y lo criaron en su hogar, pero&hellip; <\/p>\n","protected":false},"author":1,"featured_media":182425,"comment_status":"closed","ping_status":"open","sticky":false,"template":"","format":"standard","meta":{"footnotes":""},"categories":[6],"tags":[],"class_list":["post-182408","post","type-post","status-publish","format-standard","has-post-thumbnail","hentry","category-medio-ambiente"],"_links":{"self":[{"href":"https:\/\/corrientesdetarde.com\/index.php\/wp-json\/wp\/v2\/posts\/182408","targetHints":{"allow":["GET"]}}],"collection":[{"href":"https:\/\/corrientesdetarde.com\/index.php\/wp-json\/wp\/v2\/posts"}],"about":[{"href":"https:\/\/corrientesdetarde.com\/index.php\/wp-json\/wp\/v2\/types\/post"}],"author":[{"embeddable":true,"href":"https:\/\/corrientesdetarde.com\/index.php\/wp-json\/wp\/v2\/users\/1"}],"replies":[{"embeddable":true,"href":"https:\/\/corrientesdetarde.com\/index.php\/wp-json\/wp\/v2\/comments?post=182408"}],"version-history":[{"count":2,"href":"https:\/\/corrientesdetarde.com\/index.php\/wp-json\/wp\/v2\/posts\/182408\/revisions"}],"predecessor-version":[{"id":182426,"href":"https:\/\/corrientesdetarde.com\/index.php\/wp-json\/wp\/v2\/posts\/182408\/revisions\/182426"}],"wp:featuredmedia":[{"embeddable":true,"href":"https:\/\/corrientesdetarde.com\/index.php\/wp-json\/wp\/v2\/media\/182425"}],"wp:attachment":[{"href":"https:\/\/corrientesdetarde.com\/index.php\/wp-json\/wp\/v2\/media?parent=182408"}],"wp:term":[{"taxonomy":"category","embeddable":true,"href":"https:\/\/corrientesdetarde.com\/index.php\/wp-json\/wp\/v2\/categories?post=182408"},{"taxonomy":"post_tag","embeddable":true,"href":"https:\/\/corrientesdetarde.com\/index.php\/wp-json\/wp\/v2\/tags?post=182408"}],"curies":[{"name":"wp","href":"https:\/\/api.w.org\/{rel}","templated":true}]}}