{"id":182409,"date":"2025-01-01T08:44:50","date_gmt":"2025-01-01T11:44:50","guid":{"rendered":"https:\/\/corrientesdetarde.com\/?p=182409"},"modified":"2025-01-01T08:44:54","modified_gmt":"2025-01-01T11:44:54","slug":"corrientes-cierra-el-ano-con-159-muertes-en-siniestros-viales","status":"publish","type":"post","link":"https:\/\/corrientesdetarde.com\/index.php\/policiales\/corrientes-cierra-el-ano-con-159-muertes-en-siniestros-viales\/","title":{"rendered":"Corrientes cierra el a\u00f1o con 159 muertes en siniestros viales"},"content":{"rendered":"\n<p>Desde el departamento de Relaciones Institucionales de Jefatura de la Polic\u00eda de Corrientes que la estad\u00edstica por muertes en siniestros viales fue mayor a lo que dej\u00f3 el 2023.<\/p>\n\n\n\n<p>&#8220;Cerramos el 2024 con 159 v\u00edctimas fatales, en la ciudad capital fueron 34 las personas que perdieron la vida en distintas circunstancias, la mayor\u00eda motociclistas y en el interior fueron 125 los muertos&#8221; dijo una fuente oficial a este medio.<\/p>\n\n\n\n<p>A comparaci\u00f3n del 31 de diciembre de 2023, la estad\u00edstica alcanz\u00f3 a 151 muertes, mientras que en el 2022 fue el mayor n\u00famero de fallecimientos llegando a 183.<\/p>\n\n\n\n<p><em><strong>En la edici\u00f3n impresa de este matutino, el 29 de diciembre se inform\u00f3 sobre el fallecimiento de dos personas en ruta 12.<\/strong>&nbsp;<\/em><\/p>\n\n\n\n<p>&#8220;Desde hace tres a\u00f1os, los intendentes de las localidades que bordean la Ruta 12 entre Corrientes y San Roque elevaron sus continuos reclamos por el p\u00e9simo estado que presenta dicha arteria vial. Se mostraron preocupados por la desidia de los Gobiernos de Alberto Fern\u00e1ndez y Javier Milei en resolver, a trav\u00e9s de Vialidad Nacional, los problemas que origina la deteriorada ruta que ya se cobr\u00f3 innumerables vidas. Y ayer s\u00e1bado 28, una vez m\u00e1s, un siniestro vial se produjo en la zona con el resultado lamentable de dos v\u00edctimas fatales&#8221; se se\u00f1al\u00f3.<\/p>\n\n\n\n<p>&#8220;con los primeros rayos del sol, encontr\u00f3 como lamentable postal el choque entre un cami\u00f3n Volvo con acoplado y un autom\u00f3vil VW Voyage en el que circulaban tres personas. Producto del siniestro vial -impacto de frente &#8211; fallecieron dos hombres que viajaban en el rodado menor (ven\u00edan con orientaci\u00f3n norte a sur y ten\u00edan como destino la ciudad de Formosa). El incidente vial se produjo a la altura del kil\u00f3metro 861 de la Ruta 12 en cercan\u00eda a San Roque. Un tercer ocupante, una mujer, fue traslado hasta el hospital de San Roque&#8221; se inform\u00f3.<\/p>\n\n\n\n<p><\/p>\n\n\n\n<p><\/p>\n","protected":false},"excerpt":{"rendered":"<p>Desde el departamento de Relaciones Institucionales de Jefatura de la Polic\u00eda de Corrientes que la estad\u00edstica por muertes en siniestros viales fue mayor a lo que dej\u00f3 el 2023. &#8220;Cerramos&hellip; <\/p>\n","protected":false},"author":1,"featured_media":182417,"comment_status":"closed","ping_status":"open","sticky":false,"template":"","format":"standard","meta":{"footnotes":""},"categories":[33],"tags":[],"class_list":["post-182409","post","type-post","status-publish","format-standard","has-post-thumbnail","hentry","category-policiales"],"_links":{"self":[{"href":"https:\/\/corrientesdetarde.com\/index.php\/wp-json\/wp\/v2\/posts\/182409","targetHints":{"allow":["GET"]}}],"collection":[{"href":"https:\/\/corrientesdetarde.com\/index.php\/wp-json\/wp\/v2\/posts"}],"about":[{"href":"https:\/\/corrientesdetarde.com\/index.php\/wp-json\/wp\/v2\/types\/post"}],"author":[{"embeddable":true,"href":"https:\/\/corrientesdetarde.com\/index.php\/wp-json\/wp\/v2\/users\/1"}],"replies":[{"embeddable":true,"href":"https:\/\/corrientesdetarde.com\/index.php\/wp-json\/wp\/v2\/comments?post=182409"}],"version-history":[{"count":1,"href":"https:\/\/corrientesdetarde.com\/index.php\/wp-json\/wp\/v2\/posts\/182409\/revisions"}],"predecessor-version":[{"id":182418,"href":"https:\/\/corrientesdetarde.com\/index.php\/wp-json\/wp\/v2\/posts\/182409\/revisions\/182418"}],"wp:featuredmedia":[{"embeddable":true,"href":"https:\/\/corrientesdetarde.com\/index.php\/wp-json\/wp\/v2\/media\/182417"}],"wp:attachment":[{"href":"https:\/\/corrientesdetarde.com\/index.php\/wp-json\/wp\/v2\/media?parent=182409"}],"wp:term":[{"taxonomy":"category","embeddable":true,"href":"https:\/\/corrientesdetarde.com\/index.php\/wp-json\/wp\/v2\/categories?post=182409"},{"taxonomy":"post_tag","embeddable":true,"href":"https:\/\/corrientesdetarde.com\/index.php\/wp-json\/wp\/v2\/tags?post=182409"}],"curies":[{"name":"wp","href":"https:\/\/api.w.org\/{rel}","templated":true}]}}