{"id":182410,"date":"2025-01-01T08:41:40","date_gmt":"2025-01-01T11:41:40","guid":{"rendered":"https:\/\/corrientesdetarde.com\/?p=182410"},"modified":"2025-01-01T08:41:51","modified_gmt":"2025-01-01T11:41:51","slug":"el-90-de-las-calles-fueron-intervenidas-paso-a-paso-estamos-mejorando-nuestra-ciudad-remarco-tassano","status":"publish","type":"post","link":"https:\/\/corrientesdetarde.com\/index.php\/locales\/el-90-de-las-calles-fueron-intervenidas-paso-a-paso-estamos-mejorando-nuestra-ciudad-remarco-tassano\/","title":{"rendered":"El 90% de las calles fueron intervenidas: \u201cPaso a paso estamos mejorando nuestra ciudad\u201d, remarc\u00f3 Tassano"},"content":{"rendered":"\n<p><br><br><em>En este 2024 se continu\u00f3 trabajando en el objetivo de transformar la infraestructura vial de la ciudad y consolidar el desarrollo urbano llegando as\u00ed a 69 barrios capitalinos intervenidos con ripio, 11 con cord\u00f3n cuneta y 13 a trav\u00e9s del programa \u201cCloaca Social\u201d. De esta forma, el 90% de las calles contaron con mejoras en los \u00faltimos a\u00f1os.<\/em><\/p>\n\n\n\n<figure class=\"wp-block-image size-large\"><img loading=\"lazy\" decoding=\"async\" width=\"1024\" height=\"615\" src=\"https:\/\/corrientesdetarde.com\/wp-content\/uploads\/2025\/01\/image-1024x615.png\" alt=\"\" class=\"wp-image-182411\" srcset=\"https:\/\/corrientesdetarde.com\/wp-content\/uploads\/2025\/01\/image-1024x615.png 1024w, https:\/\/corrientesdetarde.com\/wp-content\/uploads\/2025\/01\/image-300x180.png 300w, https:\/\/corrientesdetarde.com\/wp-content\/uploads\/2025\/01\/image-768x461.png 768w, https:\/\/corrientesdetarde.com\/wp-content\/uploads\/2025\/01\/image.png 1221w\" sizes=\"auto, (max-width: 1024px) 100vw, 1024px\" \/><\/figure>\n\n\n\n<p>Ante el cierre del s\u00e9ptimo a\u00f1o de gesti\u00f3n que encabeza el intendente Eduardo Tassano teniendo como base los compromisos de gesti\u00f3n trazados para el per\u00edodo 2021-2025 en pos de brindar mejoras en las calles de los barrios de la ciudad, en el 2024 se lleg\u00f3 a 788 cuadras de 69 barrios capitalinos, que fueron intervenidas con ripio.<br>Estas acciones no s\u00f3lo representan un cambio significativo para el tr\u00e1nsito vehicular sino tambi\u00e9n en lo que respecta a salubridad (eliminado las zanjas) y bienestar para los vecinos.<br>En ese sentido, el intendente Eduardo Tassano resalt\u00f3 que a lo largo del segundo periodo de gesti\u00f3n el eje fue trabajar \u201cen la recuperaci\u00f3n de los barrios\u201d pensando en dar respuesta y \u201catendiendo siempre los pedidos de los vecinos\u201d, indic\u00f3.<br>Adem\u00e1s, el jefe comunal a lo largo del a\u00f1o remarc\u00f3 que \u201clo prioritario son las calles\u201d y que se avanz\u00f3 para \u201cllegar a todas las que requieran mejoramiento\u201d, dijo respecto de estas tareas viales coordinadas tambi\u00e9n con Provincia.<br>Asimismo, seg\u00fan los datos aportados por la Subsecretaria de Infraestructura municipal se destac\u00f3 que m\u00e1s del 90% de las calles de la ciudad fueron intervenidas en los \u00faltimos a\u00f1os, cumpliendo el compromiso de gesti\u00f3n en este sentido.<\/p>\n\n\n\n<figure class=\"wp-block-image size-large\"><img loading=\"lazy\" decoding=\"async\" width=\"1024\" height=\"639\" src=\"https:\/\/corrientesdetarde.com\/wp-content\/uploads\/2025\/01\/image-1-1024x639.png\" alt=\"\" class=\"wp-image-182412\" srcset=\"https:\/\/corrientesdetarde.com\/wp-content\/uploads\/2025\/01\/image-1-1024x639.png 1024w, https:\/\/corrientesdetarde.com\/wp-content\/uploads\/2025\/01\/image-1-300x187.png 300w, https:\/\/corrientesdetarde.com\/wp-content\/uploads\/2025\/01\/image-1-768x479.png 768w, https:\/\/corrientesdetarde.com\/wp-content\/uploads\/2025\/01\/image-1.png 1173w\" sizes=\"auto, (max-width: 1024px) 100vw, 1024px\" \/><\/figure>\n\n\n\n<p><br><br>M\u00c1S OBRAS<br>En tanto en los barrios San Marcelo, Pirayu\u00ed, Villa Raquel, San Ger\u00f3nimo, Jard\u00edn, Hip\u00f3dromo, entre otros se avanz\u00f3 con trabajos de cord\u00f3n cuneta donde se erradicaron las zanjas a cielo abierto. En total se concretaron 28.741 metros lineales con un total de 158 cuadras intervenidas en 11 barrios.<br>Adem\u00e1s, a trav\u00e9s del programa \u201cCloaca Social\u201d y en un trabajo conjunto entre el municipio y los vecinos, se realizaron labores en conexi\u00f3n de cloaca, logrando concretar 276 conexiones nuevas en un total de 13 barrios.<br>Por otra parte, tambi\u00e9n se consign\u00f3 la construcci\u00f3n de rampas en veredas y en otros espacios p\u00fablicos, una obra de inclusi\u00f3n en la ciudad para personas con discapacidad. En total, se realizaron 132 en 21 barrios intervenidos.<br>\u201cPaso a paso estamos embelleciendo y mejorando nuestra ciudad&#8221;, subray\u00f3. Finalmente, Tassano en lo que hace al balance del a\u00f1o hizo \u00e9nfasis en que \u201ctrabajamos para apuntalar las acciones que hacen a la transformaci\u00f3n de la infraestructura de la ciudad\u201d.<\/p>\n\n\n\n<figure class=\"wp-block-image size-large\"><img loading=\"lazy\" decoding=\"async\" width=\"1024\" height=\"657\" src=\"https:\/\/corrientesdetarde.com\/wp-content\/uploads\/2025\/01\/image-3-1024x657.png\" alt=\"\" class=\"wp-image-182414\" srcset=\"https:\/\/corrientesdetarde.com\/wp-content\/uploads\/2025\/01\/image-3-1024x657.png 1024w, https:\/\/corrientesdetarde.com\/wp-content\/uploads\/2025\/01\/image-3-300x192.png 300w, https:\/\/corrientesdetarde.com\/wp-content\/uploads\/2025\/01\/image-3-768x492.png 768w, https:\/\/corrientesdetarde.com\/wp-content\/uploads\/2025\/01\/image-3.png 1123w\" sizes=\"auto, (max-width: 1024px) 100vw, 1024px\" \/><\/figure>\n\n\n\n<figure class=\"wp-block-image size-large\"><img loading=\"lazy\" decoding=\"async\" width=\"1024\" height=\"703\" src=\"https:\/\/corrientesdetarde.com\/wp-content\/uploads\/2025\/01\/image-2-1024x703.png\" alt=\"\" class=\"wp-image-182413\" srcset=\"https:\/\/corrientesdetarde.com\/wp-content\/uploads\/2025\/01\/image-2-1024x703.png 1024w, https:\/\/corrientesdetarde.com\/wp-content\/uploads\/2025\/01\/image-2-300x206.png 300w, https:\/\/corrientesdetarde.com\/wp-content\/uploads\/2025\/01\/image-2-768x527.png 768w, https:\/\/corrientesdetarde.com\/wp-content\/uploads\/2025\/01\/image-2.png 1164w\" sizes=\"auto, (max-width: 1024px) 100vw, 1024px\" \/><\/figure>\n","protected":false},"excerpt":{"rendered":"<p>En este 2024 se continu\u00f3 trabajando en el objetivo de transformar la infraestructura vial de la ciudad y consolidar el desarrollo urbano llegando as\u00ed a 69 barrios capitalinos intervenidos con&hellip; <\/p>\n","protected":false},"author":1,"featured_media":182412,"comment_status":"closed","ping_status":"open","sticky":false,"template":"","format":"standard","meta":{"footnotes":""},"categories":[8],"tags":[],"class_list":["post-182410","post","type-post","status-publish","format-standard","has-post-thumbnail","hentry","category-locales"],"_links":{"self":[{"href":"https:\/\/corrientesdetarde.com\/index.php\/wp-json\/wp\/v2\/posts\/182410","targetHints":{"allow":["GET"]}}],"collection":[{"href":"https:\/\/corrientesdetarde.com\/index.php\/wp-json\/wp\/v2\/posts"}],"about":[{"href":"https:\/\/corrientesdetarde.com\/index.php\/wp-json\/wp\/v2\/types\/post"}],"author":[{"embeddable":true,"href":"https:\/\/corrientesdetarde.com\/index.php\/wp-json\/wp\/v2\/users\/1"}],"replies":[{"embeddable":true,"href":"https:\/\/corrientesdetarde.com\/index.php\/wp-json\/wp\/v2\/comments?post=182410"}],"version-history":[{"count":1,"href":"https:\/\/corrientesdetarde.com\/index.php\/wp-json\/wp\/v2\/posts\/182410\/revisions"}],"predecessor-version":[{"id":182415,"href":"https:\/\/corrientesdetarde.com\/index.php\/wp-json\/wp\/v2\/posts\/182410\/revisions\/182415"}],"wp:featuredmedia":[{"embeddable":true,"href":"https:\/\/corrientesdetarde.com\/index.php\/wp-json\/wp\/v2\/media\/182412"}],"wp:attachment":[{"href":"https:\/\/corrientesdetarde.com\/index.php\/wp-json\/wp\/v2\/media?parent=182410"}],"wp:term":[{"taxonomy":"category","embeddable":true,"href":"https:\/\/corrientesdetarde.com\/index.php\/wp-json\/wp\/v2\/categories?post=182410"},{"taxonomy":"post_tag","embeddable":true,"href":"https:\/\/corrientesdetarde.com\/index.php\/wp-json\/wp\/v2\/tags?post=182410"}],"curies":[{"name":"wp","href":"https:\/\/api.w.org\/{rel}","templated":true}]}}