{"id":182419,"date":"2025-01-01T09:03:10","date_gmt":"2025-01-01T12:03:10","guid":{"rendered":"https:\/\/corrientesdetarde.com\/?p=182419"},"modified":"2025-01-01T09:03:13","modified_gmt":"2025-01-01T12:03:13","slug":"las-mejores-fotos-de-los-festejos-de-ano-nuevo-en-el-mundo","status":"publish","type":"post","link":"https:\/\/corrientesdetarde.com\/index.php\/informacion-general\/las-mejores-fotos-de-los-festejos-de-ano-nuevo-en-el-mundo\/","title":{"rendered":"Las mejores fotos de los festejos de A\u00f1o Nuevo en el mundo"},"content":{"rendered":"\n<figure class=\"wp-block-image size-large\"><img loading=\"lazy\" decoding=\"async\" width=\"1024\" height=\"683\" src=\"https:\/\/corrientesdetarde.com\/wp-content\/uploads\/2025\/01\/image-11-1024x683.png\" alt=\"\" class=\"wp-image-182433\" srcset=\"https:\/\/corrientesdetarde.com\/wp-content\/uploads\/2025\/01\/image-11-1024x683.png 1024w, https:\/\/corrientesdetarde.com\/wp-content\/uploads\/2025\/01\/image-11-300x200.png 300w, https:\/\/corrientesdetarde.com\/wp-content\/uploads\/2025\/01\/image-11-768x512.png 768w, https:\/\/corrientesdetarde.com\/wp-content\/uploads\/2025\/01\/image-11.png 1200w\" sizes=\"auto, (max-width: 1024px) 100vw, 1024px\" \/><\/figure>\n\n\n\n<p>Los juerguistas celebran el A\u00f1o Nuevo en Times Square, Nueva York, justo despu\u00e9s de la medianoche del 1 de enero de 2025 (Leonardo Munoz\/AFP)<br><\/p>\n\n\n\n<figure class=\"wp-block-image size-large\"><img loading=\"lazy\" decoding=\"async\" width=\"1024\" height=\"683\" src=\"https:\/\/corrientesdetarde.com\/wp-content\/uploads\/2025\/01\/image-12-1024x683.png\" alt=\"\" class=\"wp-image-182434\" srcset=\"https:\/\/corrientesdetarde.com\/wp-content\/uploads\/2025\/01\/image-12-1024x683.png 1024w, https:\/\/corrientesdetarde.com\/wp-content\/uploads\/2025\/01\/image-12-300x200.png 300w, https:\/\/corrientesdetarde.com\/wp-content\/uploads\/2025\/01\/image-12-768x512.png 768w, https:\/\/corrientesdetarde.com\/wp-content\/uploads\/2025\/01\/image-12.png 1200w\" sizes=\"auto, (max-width: 1024px) 100vw, 1024px\" \/><\/figure>\n\n\n\n<p>Fuegos artificiales alrededor de la torre Burj Khalifa durante las celebraciones de A\u00f1o Nuevo en Dubai el 1 de enero de 2025 (FADEL SENNA\/AFP)<\/p>\n\n\n\n<figure class=\"wp-block-image size-large\"><img loading=\"lazy\" decoding=\"async\" width=\"1024\" height=\"683\" src=\"https:\/\/corrientesdetarde.com\/wp-content\/uploads\/2025\/01\/image-13-1024x683.png\" alt=\"\" class=\"wp-image-182435\" srcset=\"https:\/\/corrientesdetarde.com\/wp-content\/uploads\/2025\/01\/image-13-1024x683.png 1024w, https:\/\/corrientesdetarde.com\/wp-content\/uploads\/2025\/01\/image-13-300x200.png 300w, https:\/\/corrientesdetarde.com\/wp-content\/uploads\/2025\/01\/image-13-768x512.png 768w, https:\/\/corrientesdetarde.com\/wp-content\/uploads\/2025\/01\/image-13.png 1200w\" sizes=\"auto, (max-width: 1024px) 100vw, 1024px\" \/><\/figure>\n\n\n\n<p>Esta fotograf\u00eda muestra fuegos artificiales junto a la Torre Lotus durante las celebraciones de Nochevieja en Colombo el 1 de enero de 2025 (Ishara S. KODIKARA\/AFP)<br><\/p>\n\n\n\n<figure class=\"wp-block-image size-large\"><img loading=\"lazy\" decoding=\"async\" width=\"1024\" height=\"683\" src=\"https:\/\/corrientesdetarde.com\/wp-content\/uploads\/2025\/01\/image-14-1024x683.png\" alt=\"\" class=\"wp-image-182436\" srcset=\"https:\/\/corrientesdetarde.com\/wp-content\/uploads\/2025\/01\/image-14-1024x683.png 1024w, https:\/\/corrientesdetarde.com\/wp-content\/uploads\/2025\/01\/image-14-300x200.png 300w, https:\/\/corrientesdetarde.com\/wp-content\/uploads\/2025\/01\/image-14-768x512.png 768w, https:\/\/corrientesdetarde.com\/wp-content\/uploads\/2025\/01\/image-14.png 1200w\" sizes=\"auto, (max-width: 1024px) 100vw, 1024px\" \/><\/figure>\n\n\n\n<p>Un grupo de personas celebra el A\u00f1o Nuevo cerca de la plaza de los Omeyas en Damasco, Siria, el 1 de enero de 2025 (ANWAR AMRO\/AFP)<\/p>\n\n\n\n<figure class=\"wp-block-image size-large\"><img loading=\"lazy\" decoding=\"async\" width=\"1024\" height=\"683\" src=\"https:\/\/corrientesdetarde.com\/wp-content\/uploads\/2025\/01\/image-15-1024x683.png\" alt=\"\" class=\"wp-image-182437\" srcset=\"https:\/\/corrientesdetarde.com\/wp-content\/uploads\/2025\/01\/image-15-1024x683.png 1024w, https:\/\/corrientesdetarde.com\/wp-content\/uploads\/2025\/01\/image-15-300x200.png 300w, https:\/\/corrientesdetarde.com\/wp-content\/uploads\/2025\/01\/image-15-768x512.png 768w, https:\/\/corrientesdetarde.com\/wp-content\/uploads\/2025\/01\/image-15.png 1200w\" sizes=\"auto, (max-width: 1024px) 100vw, 1024px\" \/><\/figure>\n\n\n\n<p>La gente anima en la colina del Gianicolo, junto a la estatua de Garibaldi, durante la celebraci\u00f3n del A\u00f1o Nuevo en Roma el 1 de enero de 2025 (Andreas SOLARO\/AFP)<br><br><br><\/p>\n\n\n\n<figure class=\"wp-block-image size-large\"><img loading=\"lazy\" decoding=\"async\" width=\"1024\" height=\"683\" src=\"https:\/\/corrientesdetarde.com\/wp-content\/uploads\/2025\/01\/image-16-1024x683.png\" alt=\"\" class=\"wp-image-182438\" srcset=\"https:\/\/corrientesdetarde.com\/wp-content\/uploads\/2025\/01\/image-16-1024x683.png 1024w, https:\/\/corrientesdetarde.com\/wp-content\/uploads\/2025\/01\/image-16-300x200.png 300w, https:\/\/corrientesdetarde.com\/wp-content\/uploads\/2025\/01\/image-16-768x512.png 768w, https:\/\/corrientesdetarde.com\/wp-content\/uploads\/2025\/01\/image-16.png 1200w\" sizes=\"auto, (max-width: 1024px) 100vw, 1024px\" \/><\/figure>\n\n\n\n<p>Fuegos artificiales iluminan el templo de Prambanan, un complejo de templos hind\u00faes del siglo IX declarado Patrimonio de la Humanidad por la UNESCO, en Yogyakarta, el 1 de enero de 2024 (DEVI RAHMAN\/AFP)<br><br><\/p>\n\n\n\n<figure class=\"wp-block-image size-large\"><img loading=\"lazy\" decoding=\"async\" width=\"1024\" height=\"683\" src=\"https:\/\/corrientesdetarde.com\/wp-content\/uploads\/2025\/01\/image-17-1024x683.png\" alt=\"\" class=\"wp-image-182439\" srcset=\"https:\/\/corrientesdetarde.com\/wp-content\/uploads\/2025\/01\/image-17-1024x683.png 1024w, https:\/\/corrientesdetarde.com\/wp-content\/uploads\/2025\/01\/image-17-300x200.png 300w, https:\/\/corrientesdetarde.com\/wp-content\/uploads\/2025\/01\/image-17-768x512.png 768w, https:\/\/corrientesdetarde.com\/wp-content\/uploads\/2025\/01\/image-17.png 1200w\" sizes=\"auto, (max-width: 1024px) 100vw, 1024px\" \/><\/figure>\n\n\n\n<p>Una joven sostiene la bandera de Siria mientras la gente celebra el A\u00f1o Nuevo cerca de la Plaza de los Omeyas en Damasco, Siria, el 1 de enero de 2025 (ANWAR AMRO\/AFP)<\/p>\n\n\n\n<figure class=\"wp-block-image size-large\"><img loading=\"lazy\" decoding=\"async\" width=\"1024\" height=\"683\" src=\"https:\/\/corrientesdetarde.com\/wp-content\/uploads\/2025\/01\/image-18-1024x683.png\" alt=\"\" class=\"wp-image-182440\" srcset=\"https:\/\/corrientesdetarde.com\/wp-content\/uploads\/2025\/01\/image-18-1024x683.png 1024w, https:\/\/corrientesdetarde.com\/wp-content\/uploads\/2025\/01\/image-18-300x200.png 300w, https:\/\/corrientesdetarde.com\/wp-content\/uploads\/2025\/01\/image-18-768x512.png 768w, https:\/\/corrientesdetarde.com\/wp-content\/uploads\/2025\/01\/image-18.png 1200w\" sizes=\"auto, (max-width: 1024px) 100vw, 1024px\" \/><\/figure>\n\n\n\n<p>Fuegos artificiales iluminan el cielo alrededor del Arco del Triunfo en la Avenida de los Campos El\u00edseos de Par\u00eds a principios del 1 de enero de 2025, durante las celebraciones de A\u00f1o Nuevo (Thomas SAMSON\/AFP)<\/p>\n\n\n\n<p><br><\/p>\n\n\n\n<figure class=\"wp-block-image size-large\"><img loading=\"lazy\" decoding=\"async\" width=\"1024\" height=\"683\" src=\"https:\/\/corrientesdetarde.com\/wp-content\/uploads\/2025\/01\/image-19-1024x683.png\" alt=\"\" class=\"wp-image-182441\" srcset=\"https:\/\/corrientesdetarde.com\/wp-content\/uploads\/2025\/01\/image-19-1024x683.png 1024w, https:\/\/corrientesdetarde.com\/wp-content\/uploads\/2025\/01\/image-19-300x200.png 300w, https:\/\/corrientesdetarde.com\/wp-content\/uploads\/2025\/01\/image-19-768x512.png 768w, https:\/\/corrientesdetarde.com\/wp-content\/uploads\/2025\/01\/image-19.png 1200w\" sizes=\"auto, (max-width: 1024px) 100vw, 1024px\" \/><\/figure>\n\n\n\n<p>Explosi\u00f3n de fuegos artificiales durante la celebraci\u00f3n del A\u00f1o Nuevo en la playa de Copacabana en R\u00edo de Janeiro, Brasil, la madrugada del 1 de enero de 2025 (Daniel RAMALHO\/AFP)<br><br><br><\/p>\n\n\n\n<figure class=\"wp-block-image size-large\"><img loading=\"lazy\" decoding=\"async\" width=\"1024\" height=\"683\" src=\"https:\/\/corrientesdetarde.com\/wp-content\/uploads\/2025\/01\/image-20-1024x683.png\" alt=\"\" class=\"wp-image-182442\" srcset=\"https:\/\/corrientesdetarde.com\/wp-content\/uploads\/2025\/01\/image-20-1024x683.png 1024w, https:\/\/corrientesdetarde.com\/wp-content\/uploads\/2025\/01\/image-20-300x200.png 300w, https:\/\/corrientesdetarde.com\/wp-content\/uploads\/2025\/01\/image-20-768x512.png 768w, https:\/\/corrientesdetarde.com\/wp-content\/uploads\/2025\/01\/image-20.png 1200w\" sizes=\"auto, (max-width: 1024px) 100vw, 1024px\" \/><\/figure>\n\n\n\n<p>Kim Jong-un en las celebraciones en Corea del Norte (Reuters)<br><\/p>\n\n\n\n<figure class=\"wp-block-image size-large\"><img loading=\"lazy\" decoding=\"async\" width=\"1024\" height=\"634\" src=\"https:\/\/corrientesdetarde.com\/wp-content\/uploads\/2025\/01\/image-21-1024x634.png\" alt=\"\" class=\"wp-image-182443\" srcset=\"https:\/\/corrientesdetarde.com\/wp-content\/uploads\/2025\/01\/image-21-1024x634.png 1024w, https:\/\/corrientesdetarde.com\/wp-content\/uploads\/2025\/01\/image-21-300x186.png 300w, https:\/\/corrientesdetarde.com\/wp-content\/uploads\/2025\/01\/image-21-768x476.png 768w, https:\/\/corrientesdetarde.com\/wp-content\/uploads\/2025\/01\/image-21.png 1200w\" sizes=\"auto, (max-width: 1024px) 100vw, 1024px\" \/><\/figure>\n\n\n\n<p>Esta fotograf\u00eda muestra un espect\u00e1culo de fuegos artificiales de A\u00f1o Nuevo para ni\u00f1os en el Museumplein de \u00c1msterdam el 31 de diciembre de 2024 (Koen van Weel\/AFP)<br><br><\/p>\n\n\n\n<figure class=\"wp-block-image size-large\"><img loading=\"lazy\" decoding=\"async\" width=\"1024\" height=\"683\" src=\"https:\/\/corrientesdetarde.com\/wp-content\/uploads\/2025\/01\/image-22-1024x683.png\" alt=\"\" class=\"wp-image-182444\" srcset=\"https:\/\/corrientesdetarde.com\/wp-content\/uploads\/2025\/01\/image-22-1024x683.png 1024w, https:\/\/corrientesdetarde.com\/wp-content\/uploads\/2025\/01\/image-22-300x200.png 300w, https:\/\/corrientesdetarde.com\/wp-content\/uploads\/2025\/01\/image-22-768x512.png 768w, https:\/\/corrientesdetarde.com\/wp-content\/uploads\/2025\/01\/image-22.png 1200w\" sizes=\"auto, (max-width: 1024px) 100vw, 1024px\" \/><\/figure>\n\n\n\n<p>Fuegos artificiales iluminan el cielo de medianoche sobre el Puente del Puerto de S\u00eddney y la \u00d3pera de S\u00eddney durante las celebraciones del A\u00f1o Nuevo 2025 en S\u00eddney, el 1 de enero de 2025 (Saeed KHAN \/ AFP)<br><\/p>\n\n\n\n<p><\/p>\n\n\n\n<figure class=\"wp-block-image size-large\"><img loading=\"lazy\" decoding=\"async\" width=\"1024\" height=\"683\" src=\"https:\/\/corrientesdetarde.com\/wp-content\/uploads\/2025\/01\/image-23-1024x683.png\" alt=\"\" class=\"wp-image-182445\" srcset=\"https:\/\/corrientesdetarde.com\/wp-content\/uploads\/2025\/01\/image-23-1024x683.png 1024w, https:\/\/corrientesdetarde.com\/wp-content\/uploads\/2025\/01\/image-23-300x200.png 300w, https:\/\/corrientesdetarde.com\/wp-content\/uploads\/2025\/01\/image-23-768x512.png 768w, https:\/\/corrientesdetarde.com\/wp-content\/uploads\/2025\/01\/image-23.png 1200w\" sizes=\"auto, (max-width: 1024px) 100vw, 1024px\" \/><\/figure>\n\n\n\n<p>Fuegos artificiales explotan sobre las celebraciones de A\u00f1o Nuevo de las Grandes Pir\u00e1mides en El Cairo el 31 de diciembre de 2024 (Khaled DESOUKI\/AFP)<br><br><br><br><br><br><\/p>\n\n\n\n<figure class=\"wp-block-image size-large\"><img loading=\"lazy\" decoding=\"async\" width=\"1024\" height=\"683\" src=\"https:\/\/corrientesdetarde.com\/wp-content\/uploads\/2025\/01\/image-24-1024x683.png\" alt=\"\" class=\"wp-image-182446\" srcset=\"https:\/\/corrientesdetarde.com\/wp-content\/uploads\/2025\/01\/image-24-1024x683.png 1024w, https:\/\/corrientesdetarde.com\/wp-content\/uploads\/2025\/01\/image-24-300x200.png 300w, https:\/\/corrientesdetarde.com\/wp-content\/uploads\/2025\/01\/image-24-768x512.png 768w, https:\/\/corrientesdetarde.com\/wp-content\/uploads\/2025\/01\/image-24.png 1200w\" sizes=\"auto, (max-width: 1024px) 100vw, 1024px\" \/><\/figure>\n\n\n\n<p>Fuegos artificiales estallan en el cielo alrededor del London Eye y de la Torre Elizabeth, com\u00fanmente conocida por el nombre de la campana del reloj, &#8220;Big Ben&#8221;, en el Palacio de Westminster, sede de las Casas del Parlamento, en el centro de Londres, a medianoche del 1 de enero de 2025 (Adrian DENNIS\/AFP)<br><br><\/p>\n\n\n\n<figure class=\"wp-block-image size-large\"><img loading=\"lazy\" decoding=\"async\" width=\"1024\" height=\"683\" src=\"https:\/\/corrientesdetarde.com\/wp-content\/uploads\/2025\/01\/image-27-1024x683.png\" alt=\"\" class=\"wp-image-182449\" srcset=\"https:\/\/corrientesdetarde.com\/wp-content\/uploads\/2025\/01\/image-27-1024x683.png 1024w, https:\/\/corrientesdetarde.com\/wp-content\/uploads\/2025\/01\/image-27-300x200.png 300w, https:\/\/corrientesdetarde.com\/wp-content\/uploads\/2025\/01\/image-27-768x512.png 768w, https:\/\/corrientesdetarde.com\/wp-content\/uploads\/2025\/01\/image-27.png 1200w\" sizes=\"auto, (max-width: 1024px) 100vw, 1024px\" \/><\/figure>\n\n\n\n<p>Un grupo de personas fotograf\u00eda los fuegos artificiales que, desde el edificio Taipei 101, iluminan el cielo de medianoche durante las celebraciones del A\u00f1o Nuevo 2025 en Taipei, el 1 de enero de 2025. (I-Hwa Cheng\/AFP)<br><br><br><br><br><br><br><\/p>\n\n\n\n<figure class=\"wp-block-image size-large\"><img loading=\"lazy\" decoding=\"async\" width=\"1024\" height=\"683\" src=\"https:\/\/corrientesdetarde.com\/wp-content\/uploads\/2025\/01\/image-26-1024x683.png\" alt=\"\" class=\"wp-image-182448\" srcset=\"https:\/\/corrientesdetarde.com\/wp-content\/uploads\/2025\/01\/image-26-1024x683.png 1024w, https:\/\/corrientesdetarde.com\/wp-content\/uploads\/2025\/01\/image-26-300x200.png 300w, https:\/\/corrientesdetarde.com\/wp-content\/uploads\/2025\/01\/image-26-768x512.png 768w, https:\/\/corrientesdetarde.com\/wp-content\/uploads\/2025\/01\/image-26.png 1200w\" sizes=\"auto, (max-width: 1024px) 100vw, 1024px\" \/><\/figure>\n\n\n\n<p>El Papa Francisco, flanqueado por funcionarios, se desplaza en silla de ruedas por la Plaza de San Pedro del Vaticano el 31 de diciembre de 2024 (Andreas SOLARO\/AFP)<br><br><\/p>\n","protected":false},"excerpt":{"rendered":"<p>Los juerguistas celebran el A\u00f1o Nuevo en Times Square, Nueva York, justo despu\u00e9s de la medianoche del 1 de enero de 2025 (Leonardo Munoz\/AFP) Fuegos artificiales alrededor de la torre&hellip; <\/p>\n","protected":false},"author":1,"featured_media":182445,"comment_status":"closed","ping_status":"open","sticky":false,"template":"","format":"standard","meta":{"footnotes":""},"categories":[1],"tags":[],"class_list":["post-182419","post","type-post","status-publish","format-standard","has-post-thumbnail","hentry","category-informacion-general"],"_links":{"self":[{"href":"https:\/\/corrientesdetarde.com\/index.php\/wp-json\/wp\/v2\/posts\/182419","targetHints":{"allow":["GET"]}}],"collection":[{"href":"https:\/\/corrientesdetarde.com\/index.php\/wp-json\/wp\/v2\/posts"}],"about":[{"href":"https:\/\/corrientesdetarde.com\/index.php\/wp-json\/wp\/v2\/types\/post"}],"author":[{"embeddable":true,"href":"https:\/\/corrientesdetarde.com\/index.php\/wp-json\/wp\/v2\/users\/1"}],"replies":[{"embeddable":true,"href":"https:\/\/corrientesdetarde.com\/index.php\/wp-json\/wp\/v2\/comments?post=182419"}],"version-history":[{"count":1,"href":"https:\/\/corrientesdetarde.com\/index.php\/wp-json\/wp\/v2\/posts\/182419\/revisions"}],"predecessor-version":[{"id":182450,"href":"https:\/\/corrientesdetarde.com\/index.php\/wp-json\/wp\/v2\/posts\/182419\/revisions\/182450"}],"wp:featuredmedia":[{"embeddable":true,"href":"https:\/\/corrientesdetarde.com\/index.php\/wp-json\/wp\/v2\/media\/182445"}],"wp:attachment":[{"href":"https:\/\/corrientesdetarde.com\/index.php\/wp-json\/wp\/v2\/media?parent=182419"}],"wp:term":[{"taxonomy":"category","embeddable":true,"href":"https:\/\/corrientesdetarde.com\/index.php\/wp-json\/wp\/v2\/categories?post=182419"},{"taxonomy":"post_tag","embeddable":true,"href":"https:\/\/corrientesdetarde.com\/index.php\/wp-json\/wp\/v2\/tags?post=182419"}],"curies":[{"name":"wp","href":"https:\/\/api.w.org\/{rel}","templated":true}]}}