{"id":182420,"date":"2025-01-01T08:57:30","date_gmt":"2025-01-01T11:57:30","guid":{"rendered":"https:\/\/corrientesdetarde.com\/?p=182420"},"modified":"2025-01-01T08:58:07","modified_gmt":"2025-01-01T11:58:07","slug":"salta-rescataron-a-una-mujer-que-estaba-encadenada-en-la-cucha-de-un-perro","status":"publish","type":"post","link":"https:\/\/corrientesdetarde.com\/index.php\/policiales\/salta-rescataron-a-una-mujer-que-estaba-encadenada-en-la-cucha-de-un-perro\/","title":{"rendered":"Salta: Rescataron a una mujer que estaba encadenada en la cucha de un perro"},"content":{"rendered":"\n<p>Una mujer de 42 a\u00f1os fue rescatada en condiciones inhumanas en General G\u00fcemes, provincia de Salta. La v\u00edctima, que tiene s\u00edndrome de Down y discapacidad mental moderada, estaba encadenada a una cucha de perro en el fondo de una casa precaria.<\/p>\n\n\n\n<p><\/p>\n\n\n\n<p>&nbsp;<br>El rescate fue posible gracias a un vecino que, cansado de presenciar el sufrimiento de la v\u00edctima, tom\u00f3 fotograf\u00edas de su encierro y las llev\u00f3 a la Comisar\u00eda Primera de General G\u00fcemes. Las im\u00e1genes, que muestran a la mujer rodeada de inmundicia, maleza y animales, impulsaron a las autoridades a actuar de inmediato.<\/p>\n\n\n\n<p>La polic\u00eda acudi\u00f3 r\u00e1pidamente al lugar. Inicialmente, la mujer que atendi\u00f3 a los agentes intent\u00f3 negar los hechos y retrasar el ingreso, pero finalmente permiti\u00f3 que revisaran la propiedad. En el interior, los oficiales encontraron rastros que confirmaban las denuncias: marcas en el suelo, cadenas y una argolla en la cucha del perro.<\/p>\n\n\n\n<p>Tras un di\u00e1logo con los agentes, la v\u00edctima apareci\u00f3 cubierta de tierra y con lesiones visibles en los tobillos, producto de las cadenas que la inmovilizaban. La v\u00edctima se\u00f1al\u00f3 a un tal Pablo E. como el responsable de su sometimiento.<\/p>\n\n\n\n<p>La justicia dispuso el traslado inmediato de la mujer para su atenci\u00f3n sanitaria. Mientras tanto, se secuestraron las cadenas, un candado y otros elementos que ser\u00e1n sometidos a pericias.<\/p>\n\n\n\n<p>Vecinos del barrio expresaron su indignaci\u00f3n y solidaridad con la v\u00edctima. &#8220;Es un nivel de crueldad que nunca imaginamos en nuestra comunidad&#8221;, coment\u00f3 una vecina conmovida.<\/p>\n\n\n\n<p><strong>Una vida marcada por el abandono<\/strong><\/p>\n\n\n\n<p><br>Seg\u00fan public\u00f3 el diario local El Tribuno, la mujer viv\u00eda sola en un gallinero, compartiendo espacio con gallinas y perros, sin acceso a condiciones b\u00e1sicas de dignidad. Seg\u00fan testimonios, realizaba sus necesidades en el mismo lugar donde estaba encadenada, mientras sus agresores negaban incluso su existencia.<\/p>\n\n\n\n<p>El denunciante present\u00f3 un video que expone las humillaciones sufridas por la v\u00edctima. Este material ser\u00e1 fundamental en la causa para determinar responsabilidades.<\/p>\n","protected":false},"excerpt":{"rendered":"<p>Una mujer de 42 a\u00f1os fue rescatada en condiciones inhumanas en General G\u00fcemes, provincia de Salta. La v\u00edctima, que tiene s\u00edndrome de Down y discapacidad mental moderada, estaba encadenada a&hellip; <\/p>\n","protected":false},"author":1,"featured_media":182429,"comment_status":"closed","ping_status":"open","sticky":false,"template":"","format":"standard","meta":{"footnotes":""},"categories":[33],"tags":[],"class_list":["post-182420","post","type-post","status-publish","format-standard","has-post-thumbnail","hentry","category-policiales"],"_links":{"self":[{"href":"https:\/\/corrientesdetarde.com\/index.php\/wp-json\/wp\/v2\/posts\/182420","targetHints":{"allow":["GET"]}}],"collection":[{"href":"https:\/\/corrientesdetarde.com\/index.php\/wp-json\/wp\/v2\/posts"}],"about":[{"href":"https:\/\/corrientesdetarde.com\/index.php\/wp-json\/wp\/v2\/types\/post"}],"author":[{"embeddable":true,"href":"https:\/\/corrientesdetarde.com\/index.php\/wp-json\/wp\/v2\/users\/1"}],"replies":[{"embeddable":true,"href":"https:\/\/corrientesdetarde.com\/index.php\/wp-json\/wp\/v2\/comments?post=182420"}],"version-history":[{"count":2,"href":"https:\/\/corrientesdetarde.com\/index.php\/wp-json\/wp\/v2\/posts\/182420\/revisions"}],"predecessor-version":[{"id":182431,"href":"https:\/\/corrientesdetarde.com\/index.php\/wp-json\/wp\/v2\/posts\/182420\/revisions\/182431"}],"wp:featuredmedia":[{"embeddable":true,"href":"https:\/\/corrientesdetarde.com\/index.php\/wp-json\/wp\/v2\/media\/182429"}],"wp:attachment":[{"href":"https:\/\/corrientesdetarde.com\/index.php\/wp-json\/wp\/v2\/media?parent=182420"}],"wp:term":[{"taxonomy":"category","embeddable":true,"href":"https:\/\/corrientesdetarde.com\/index.php\/wp-json\/wp\/v2\/categories?post=182420"},{"taxonomy":"post_tag","embeddable":true,"href":"https:\/\/corrientesdetarde.com\/index.php\/wp-json\/wp\/v2\/tags?post=182420"}],"curies":[{"name":"wp","href":"https:\/\/api.w.org\/{rel}","templated":true}]}}