{"id":182428,"date":"2025-01-01T09:04:09","date_gmt":"2025-01-01T12:04:09","guid":{"rendered":"https:\/\/corrientesdetarde.com\/?p=182428"},"modified":"2025-01-01T09:04:11","modified_gmt":"2025-01-01T12:04:11","slug":"buscan-a-una-menor-de-17-anos-que-esta-desaparecida","status":"publish","type":"post","link":"https:\/\/corrientesdetarde.com\/index.php\/policiales\/buscan-a-una-menor-de-17-anos-que-esta-desaparecida\/","title":{"rendered":"Buscan a una menor de 17 a\u00f1os que est\u00e1 desaparecida"},"content":{"rendered":"\n<p>La Polic\u00eda de Corrientes inform\u00f3 este martes que iniciaron la b\u00fasqueda de una menor de 17 a\u00f1os que est\u00e1 desaparecida en la capital correntina.\u00a0<\/p>\n\n\n\n<p>Se trata de Antonella Evangelina Barzola de 17 a\u00f1os de edad, quien se ausent\u00f3 de su hogar&nbsp;ubicado en el Barrio San Benito.&nbsp;<\/p>\n\n\n\n<p><strong>Sus caracter\u00edsticas f\u00edsicas son las siguientes:<\/strong>&nbsp;1,55 de estatura aproximadamente, tes morocha, de contextura delgada, ojo de color marr\u00f3n oscuro, cabello de color negro largo pasando el hombro, en el momento de su ausencia.&nbsp;<\/p>\n\n\n\n<p>Es por ello, que independientemente de la labor de b\u00fasqueda que \u00e9sta realizando la Polic\u00eda, se solicita la colaboraci\u00f3n de&nbsp;aquellas personas que puedan aportar datos ciertos y que ayuden a lograr encontrar al joven.&nbsp;<\/p>\n\n\n\n<p>Ante cualquier situaci\u00f3n comunicarse a la Comisar\u00eda Primera de la Mujer y el Menor nro. 4-432913; o la Dependencia Policial m\u00e1s cercana a su domicilio y\/o comunicarse al n\u00famero telef\u00f3nico gratuito del Sistema Integral de Seguridad (S.I.S.) 911 en la Capital y 101 en el Interior Provincial.<\/p>\n","protected":false},"excerpt":{"rendered":"<p>La Polic\u00eda de Corrientes inform\u00f3 este martes que iniciaron la b\u00fasqueda de una menor de 17 a\u00f1os que est\u00e1 desaparecida en la capital correntina.\u00a0 Se trata de Antonella Evangelina Barzola&hellip; <\/p>\n","protected":false},"author":1,"featured_media":182451,"comment_status":"closed","ping_status":"open","sticky":false,"template":"","format":"standard","meta":{"footnotes":""},"categories":[33],"tags":[],"class_list":["post-182428","post","type-post","status-publish","format-standard","has-post-thumbnail","hentry","category-policiales"],"_links":{"self":[{"href":"https:\/\/corrientesdetarde.com\/index.php\/wp-json\/wp\/v2\/posts\/182428","targetHints":{"allow":["GET"]}}],"collection":[{"href":"https:\/\/corrientesdetarde.com\/index.php\/wp-json\/wp\/v2\/posts"}],"about":[{"href":"https:\/\/corrientesdetarde.com\/index.php\/wp-json\/wp\/v2\/types\/post"}],"author":[{"embeddable":true,"href":"https:\/\/corrientesdetarde.com\/index.php\/wp-json\/wp\/v2\/users\/1"}],"replies":[{"embeddable":true,"href":"https:\/\/corrientesdetarde.com\/index.php\/wp-json\/wp\/v2\/comments?post=182428"}],"version-history":[{"count":1,"href":"https:\/\/corrientesdetarde.com\/index.php\/wp-json\/wp\/v2\/posts\/182428\/revisions"}],"predecessor-version":[{"id":182452,"href":"https:\/\/corrientesdetarde.com\/index.php\/wp-json\/wp\/v2\/posts\/182428\/revisions\/182452"}],"wp:featuredmedia":[{"embeddable":true,"href":"https:\/\/corrientesdetarde.com\/index.php\/wp-json\/wp\/v2\/media\/182451"}],"wp:attachment":[{"href":"https:\/\/corrientesdetarde.com\/index.php\/wp-json\/wp\/v2\/media?parent=182428"}],"wp:term":[{"taxonomy":"category","embeddable":true,"href":"https:\/\/corrientesdetarde.com\/index.php\/wp-json\/wp\/v2\/categories?post=182428"},{"taxonomy":"post_tag","embeddable":true,"href":"https:\/\/corrientesdetarde.com\/index.php\/wp-json\/wp\/v2\/tags?post=182428"}],"curies":[{"name":"wp","href":"https:\/\/api.w.org\/{rel}","templated":true}]}}