{"id":182455,"date":"2025-01-01T10:35:56","date_gmt":"2025-01-01T13:35:56","guid":{"rendered":"https:\/\/corrientesdetarde.com\/?p=182455"},"modified":"2025-01-01T10:36:01","modified_gmt":"2025-01-01T13:36:01","slug":"rige-la-receta-electronica-como-unica-modalidad-de-prescripcion-de-medicamentos","status":"publish","type":"post","link":"https:\/\/corrientesdetarde.com\/index.php\/bienestar-y-salud\/rige-la-receta-electronica-como-unica-modalidad-de-prescripcion-de-medicamentos\/","title":{"rendered":"Rige la receta electr\u00f3nica como \u00fanica modalidad de prescripci\u00f3n de medicamentos"},"content":{"rendered":"\n<p>La implementaci\u00f3n de la receta electr\u00f3nica entr\u00f3 este mi\u00e9rcoles en vigencia en todo el pa\u00eds, por lo que la prescripci\u00f3n de medicamentos deber\u00e1 realizarse, \u00fanicamente, a trav\u00e9s de las plataformas inscriptas en el Registro Nacional de Plataformas Digitales Sanitarias (ReNaPDiS).&nbsp;<\/p>\n\n\n\n<p>As\u00ed lo dispuso el Ministerio de Salud de la Naci\u00f3n, mediante el Decreto 345\/2024.<\/p>\n\n\n\n<p>Para que tengan validez, las recetas electr\u00f3nicas deber\u00e1n contar con la identificaci\u00f3n del m\u00e9dico o profesional de la salud con nombre, matr\u00edcula, profesi\u00f3n, especialidad y domicilio; el c\u00f3digo de barras; la identificaci\u00f3n del paciente (nombre, obra social o prepaga, fecha de nacimiento, DNI y sexo); la descripci\u00f3n del medicamento recetado detallando nombre gen\u00e9rico o denominaci\u00f3n com\u00fan internacional, presentaci\u00f3n, forma farmac\u00e9utica y cantidad de unidades.&nbsp;<\/p>\n\n\n\n<p>Tambi\u00e9n puede sumar el nombre comercial del medicamento que el profesional prescriptor sugiera, seg\u00fan precis\u00f3 la cartera sanitaria que encabeza Mario Lugones. Por \u00faltimo, diagn\u00f3stico; fecha de emisi\u00f3n y firma digital del profesional.<\/p>\n\n\n\n<p>Las plataformas verificar\u00e1n que los profesionales de salud est\u00e9n inscriptos en la Red Federal de Registros de Profesionales de la Salud (REFEPS) del Sistema Integrado de Informaci\u00f3n Sanitaria Argentino (SISA) y almacenar\u00e1n las recetas emitidas en repositorios virtuales que funcionar\u00e1n como nexo con las farmacias permitiendo que \u00e9stas \u00faltimas puedan acceder a ellas para la dispensa de los medicamentos cuando el paciente los requiera. &nbsp;<\/p>\n\n\n\n<p>Esto permitir\u00e1 que las personas s\u00f3lo tengan que acercarse a las farmacias con su DNI y\/o credencial para requerir la medicaci\u00f3n indicada por el profesional.&nbsp;<\/p>\n\n\n\n<p>Los repositorios deber\u00e1n cumplir con protocolos t\u00e9cnicos y administrativos que contemplen la alta disponibilidad y que garanticen el almacenamiento de las recetas durante el per\u00edodo establecido por la normativa.&nbsp;<\/p>\n\n\n\n<p>Esto requiere s\u00f3lidos mecanismos de respaldo y recuperaci\u00f3n de informaci\u00f3n frente a eventuales fallas o incidentes y garanticen el resguardo de los derechos de los pacientes.<\/p>\n\n\n\n<p>Es importante tener en cuenta que la receta manuscrita permanecer\u00e1 vigente, como condici\u00f3n de excepci\u00f3n, s\u00f3lo en zonas de dif\u00edcil acceso, sin conectividad o en caso de interrupciones eventuales del sistema.<\/p>\n\n\n\n<p>Asimismo, aquellas recetas emitas en papel antes del 31 de diciembre de este a\u00f1o podr\u00e1n ser utilizadas dentro de su per\u00edodo de vigencia habitual.<\/p>\n\n\n\n<p>El objetivo de esta medida es posibilitar el funcionamiento del ecosistema de salud digital previsto en la Ley Nacional de Recetas Electr\u00f3nicas (N\u00b0 27.553) de 2020, agilizando el circuito de&nbsp;<br>prescripci\u00f3n y dispensa de medicamentos y simplificando las instancias administrativas.&nbsp;<\/p>\n\n\n\n<p>Asimismo, el sistema de receta electr\u00f3nica brinda herramientas a los profesionales para que puedan tomar mejores decisiones de tratamiento, evita errores de interpretaci\u00f3n y facilita la dispensa en farmacias mejorando en el acceso a los medicamentos.&nbsp;<\/p>\n\n\n\n<p>Actualmente, 17 jurisdicciones cuentan con ley de receta electr\u00f3nica. De ellas, 11 adhieren a la Ley Nacional (Catamarca, Chaco, Corrientes, Entre R\u00edos, Jujuy, Mendoza, Misiones, Salta, San Juan, Tierra del Fuego, Tucum\u00e1n), 4 tienen su propia ley provincial con un r\u00e9gimen propio (Buenos Aires, CABA, Chubut, La Rioja) y 2 tienen el proyecto de ley provincial en curso (R\u00edo Negro, Santa Fe).&nbsp;<\/p>\n\n\n\n<p>En tanto, las siete jurisdicciones restantes, si bien pueden utilizar parcialmente la Receta Electr\u00f3nica, a\u00fan no cuentan con ley provincial.&nbsp;<\/p>\n\n\n\n<p>De ellas, cuatro adhieren al uso de Receta Electr\u00f3nica y se espera cuenten con proyecto de ley pr\u00f3ximamente (San Luis, C\u00f3rdoba, Santiago del Estero, Santa Cruz) y tres a\u00fan se encuentran&nbsp;<br>en revisi\u00f3n de sus planes de ley provincial (La Pampa, Neuqu\u00e9n, Formosa).<\/p>\n","protected":false},"excerpt":{"rendered":"<p>La implementaci\u00f3n de la receta electr\u00f3nica entr\u00f3 este mi\u00e9rcoles en vigencia en todo el pa\u00eds, por lo que la prescripci\u00f3n de medicamentos deber\u00e1 realizarse, \u00fanicamente, a trav\u00e9s de las plataformas&hellip; <\/p>\n","protected":false},"author":1,"featured_media":119933,"comment_status":"closed","ping_status":"open","sticky":false,"template":"","format":"standard","meta":{"footnotes":""},"categories":[16],"tags":[],"class_list":["post-182455","post","type-post","status-publish","format-standard","has-post-thumbnail","hentry","category-bienestar-y-salud"],"_links":{"self":[{"href":"https:\/\/corrientesdetarde.com\/index.php\/wp-json\/wp\/v2\/posts\/182455","targetHints":{"allow":["GET"]}}],"collection":[{"href":"https:\/\/corrientesdetarde.com\/index.php\/wp-json\/wp\/v2\/posts"}],"about":[{"href":"https:\/\/corrientesdetarde.com\/index.php\/wp-json\/wp\/v2\/types\/post"}],"author":[{"embeddable":true,"href":"https:\/\/corrientesdetarde.com\/index.php\/wp-json\/wp\/v2\/users\/1"}],"replies":[{"embeddable":true,"href":"https:\/\/corrientesdetarde.com\/index.php\/wp-json\/wp\/v2\/comments?post=182455"}],"version-history":[{"count":1,"href":"https:\/\/corrientesdetarde.com\/index.php\/wp-json\/wp\/v2\/posts\/182455\/revisions"}],"predecessor-version":[{"id":182459,"href":"https:\/\/corrientesdetarde.com\/index.php\/wp-json\/wp\/v2\/posts\/182455\/revisions\/182459"}],"wp:featuredmedia":[{"embeddable":true,"href":"https:\/\/corrientesdetarde.com\/index.php\/wp-json\/wp\/v2\/media\/119933"}],"wp:attachment":[{"href":"https:\/\/corrientesdetarde.com\/index.php\/wp-json\/wp\/v2\/media?parent=182455"}],"wp:term":[{"taxonomy":"category","embeddable":true,"href":"https:\/\/corrientesdetarde.com\/index.php\/wp-json\/wp\/v2\/categories?post=182455"},{"taxonomy":"post_tag","embeddable":true,"href":"https:\/\/corrientesdetarde.com\/index.php\/wp-json\/wp\/v2\/tags?post=182455"}],"curies":[{"name":"wp","href":"https:\/\/api.w.org\/{rel}","templated":true}]}}