{"id":182477,"date":"2025-01-01T17:43:06","date_gmt":"2025-01-01T20:43:06","guid":{"rendered":"https:\/\/corrientesdetarde.com\/?p=182477"},"modified":"2025-01-01T17:43:11","modified_gmt":"2025-01-01T20:43:11","slug":"como-estaran-las-temperaturas-durante-el-primer-fin-de-semana-del-2025","status":"publish","type":"post","link":"https:\/\/corrientesdetarde.com\/index.php\/clima\/como-estaran-las-temperaturas-durante-el-primer-fin-de-semana-del-2025\/","title":{"rendered":"c\u00f3mo estar\u00e1n las temperaturas durante el primer fin de semana del 2025"},"content":{"rendered":"\n<p>El Servicio Meteorol\u00f3gico Nacional inform\u00f3 en su estado del tiempo c\u00f3mo estar\u00e1n las temperaturas durante el primer fin de semana del 2025.\u00a0<\/p>\n\n\n\n<figure class=\"wp-block-image size-full\"><img loading=\"lazy\" decoding=\"async\" width=\"767\" height=\"345\" src=\"https:\/\/corrientesdetarde.com\/wp-content\/uploads\/2025\/01\/image-37.png\" alt=\"\" class=\"wp-image-182482\" srcset=\"https:\/\/corrientesdetarde.com\/wp-content\/uploads\/2025\/01\/image-37.png 767w, https:\/\/corrientesdetarde.com\/wp-content\/uploads\/2025\/01\/image-37-300x135.png 300w\" sizes=\"auto, (max-width: 767px) 100vw, 767px\" \/><\/figure>\n\n\n\n<p>Seg\u00fan indic\u00f3, a pesar de la alerta amarilla en algunas zonas de Argentina para esta semana, Corrientes Capital tiene pronosticada algunas lluvias para este jueves por la ma\u00f1ana.&nbsp;<\/p>\n\n\n\n<p>En tanto, el fin de semana, registra temperaturas que oscilan entre los 34\u00b0 y 36\u00b0 pero sin inestabilidad del tiempo. El cielo estar\u00e1 as\u00ed despejado hasta por lo menos el martes de la semana entrante.&nbsp;<\/p>\n\n\n\n<p>En tanto, seg\u00fan infom\u00f3 el SMN, la zona sur de Corrientes (en departamentos como Paso de los Libres y Monte Caseros) el pron\u00f3stico indica algunas lluvias escazas para este mi\u00e9rcoles y hasta el jueves por la ma\u00f1ana.\u00a0<\/p>\n\n\n\n<figure class=\"wp-block-image size-full\"><img loading=\"lazy\" decoding=\"async\" width=\"729\" height=\"324\" src=\"https:\/\/corrientesdetarde.com\/wp-content\/uploads\/2025\/01\/image-36.png\" alt=\"\" class=\"wp-image-182481\" srcset=\"https:\/\/corrientesdetarde.com\/wp-content\/uploads\/2025\/01\/image-36.png 729w, https:\/\/corrientesdetarde.com\/wp-content\/uploads\/2025\/01\/image-36-300x133.png 300w\" sizes=\"auto, (max-width: 729px) 100vw, 729px\" \/><\/figure>\n\n\n\n<p>Al igual que en Capital, el fin de semana del 2025 se ver\u00e1 con el cielo despejado y temperaturas altas en los departamentos del interior que este mierc\u00f3les presentan algunas lluvias aisladas.&nbsp;<\/p>\n","protected":false},"excerpt":{"rendered":"<p>El Servicio Meteorol\u00f3gico Nacional inform\u00f3 en su estado del tiempo c\u00f3mo estar\u00e1n las temperaturas durante el primer fin de semana del 2025.\u00a0 Seg\u00fan indic\u00f3, a pesar de la alerta amarilla&hellip; <\/p>\n","protected":false},"author":1,"featured_media":172050,"comment_status":"closed","ping_status":"open","sticky":false,"template":"","format":"standard","meta":{"footnotes":""},"categories":[29],"tags":[],"class_list":["post-182477","post","type-post","status-publish","format-standard","has-post-thumbnail","hentry","category-clima"],"_links":{"self":[{"href":"https:\/\/corrientesdetarde.com\/index.php\/wp-json\/wp\/v2\/posts\/182477","targetHints":{"allow":["GET"]}}],"collection":[{"href":"https:\/\/corrientesdetarde.com\/index.php\/wp-json\/wp\/v2\/posts"}],"about":[{"href":"https:\/\/corrientesdetarde.com\/index.php\/wp-json\/wp\/v2\/types\/post"}],"author":[{"embeddable":true,"href":"https:\/\/corrientesdetarde.com\/index.php\/wp-json\/wp\/v2\/users\/1"}],"replies":[{"embeddable":true,"href":"https:\/\/corrientesdetarde.com\/index.php\/wp-json\/wp\/v2\/comments?post=182477"}],"version-history":[{"count":1,"href":"https:\/\/corrientesdetarde.com\/index.php\/wp-json\/wp\/v2\/posts\/182477\/revisions"}],"predecessor-version":[{"id":182483,"href":"https:\/\/corrientesdetarde.com\/index.php\/wp-json\/wp\/v2\/posts\/182477\/revisions\/182483"}],"wp:featuredmedia":[{"embeddable":true,"href":"https:\/\/corrientesdetarde.com\/index.php\/wp-json\/wp\/v2\/media\/172050"}],"wp:attachment":[{"href":"https:\/\/corrientesdetarde.com\/index.php\/wp-json\/wp\/v2\/media?parent=182477"}],"wp:term":[{"taxonomy":"category","embeddable":true,"href":"https:\/\/corrientesdetarde.com\/index.php\/wp-json\/wp\/v2\/categories?post=182477"},{"taxonomy":"post_tag","embeddable":true,"href":"https:\/\/corrientesdetarde.com\/index.php\/wp-json\/wp\/v2\/tags?post=182477"}],"curies":[{"name":"wp","href":"https:\/\/api.w.org\/{rel}","templated":true}]}}