{"id":182478,"date":"2025-01-01T17:41:46","date_gmt":"2025-01-01T20:41:46","guid":{"rendered":"https:\/\/corrientesdetarde.com\/?p=182478"},"modified":"2025-01-01T17:41:52","modified_gmt":"2025-01-01T20:41:52","slug":"murio-el-cantante-leo-dan","status":"publish","type":"post","link":"https:\/\/corrientesdetarde.com\/index.php\/espectaculos\/murio-el-cantante-leo-dan\/","title":{"rendered":"muri\u00f3 el cantante Leo Dan"},"content":{"rendered":"\n<p>Este 1 de enero de 2025, falleci\u00f3 a los 82 a\u00f1os el cantante y compositor Leopoldo Dante T\u00e9vez, conocido mundialmente como Leo Dan.<\/p>\n\n\n\n<p><strong>Dan naci\u00f3 en Santiago del Estero en 1942, y se convirti\u00f3 en uno de los mayores exponentes de la m\u00fasica rom\u00e1ntica en Am\u00e9rica Latina. \u00c9xitos como \u201cC\u00f3mo te extra\u00f1o mi amor\u201d y \u201cEsa pared\u201d quedaron grabados en el coraz\u00f3n de millones de personas, consolid\u00e1ndolo como un s\u00edmbolo de la m\u00fasica popular.<\/strong><\/p>\n\n\n\n<p>En el comunicado, su familia destac\u00f3 que Leo Dan \u201cparti\u00f3 en paz y acompa\u00f1ado del amor de sus seres queridos\u201d, describi\u00e9ndolo como un gu\u00eda espiritual que seguir\u00e1 iluminando a todos aquellos tocados por su arte. Asimismo, invitaron a sus seguidores a celebrar su vida y su m\u00fasica eterna.<\/p>\n\n\n\n<p>\u201cEsta ma\u00f1ana nuestro amado Leo Dan dej\u00f3 su cuerpo en paz y junto al amor de su familia. As\u00ed, volvi\u00f3 a la luz pura de su Padre Celestial, para guiarnos y cuidarnos desde el infinito\u201d, comienza el comunicado.<\/p>\n\n\n\n<p><strong>\u201cEl d\u00eda de hoy, 1ero de enero del 2025, invitamos a todos los que formaron parte de su historia y que fueron tocados por su legado, a celebrar su amor, su m\u00fasica y su vida\u201d. \u201cCon mucha paz en el coraz\u00f3n, recordamos y sentimos su profundo amor\u2026 por siempre\u201d, a\u00f1adieron en el comunicado, que cerr\u00f3 con una cita b\u00edblica.<\/strong><\/p>\n\n\n\n<p>Con m\u00e1s de 50 a\u00f1os de trayectoria y una obra que trascendi\u00f3 fronteras, Leo Dan deja un legado art\u00edstico imborrable. Su m\u00fasica, cargada de sentimiento y poes\u00eda, seguir\u00e1 sonando en cada rinc\u00f3n donde el amor y la nostalgia encuentren un espacio.<\/p>\n","protected":false},"excerpt":{"rendered":"<p>Este 1 de enero de 2025, falleci\u00f3 a los 82 a\u00f1os el cantante y compositor Leopoldo Dante T\u00e9vez, conocido mundialmente como Leo Dan. Dan naci\u00f3 en Santiago del Estero en&hellip; <\/p>\n","protected":false},"author":1,"featured_media":182479,"comment_status":"closed","ping_status":"open","sticky":false,"template":"","format":"standard","meta":{"footnotes":""},"categories":[19],"tags":[],"class_list":["post-182478","post","type-post","status-publish","format-standard","has-post-thumbnail","hentry","category-espectaculos"],"_links":{"self":[{"href":"https:\/\/corrientesdetarde.com\/index.php\/wp-json\/wp\/v2\/posts\/182478","targetHints":{"allow":["GET"]}}],"collection":[{"href":"https:\/\/corrientesdetarde.com\/index.php\/wp-json\/wp\/v2\/posts"}],"about":[{"href":"https:\/\/corrientesdetarde.com\/index.php\/wp-json\/wp\/v2\/types\/post"}],"author":[{"embeddable":true,"href":"https:\/\/corrientesdetarde.com\/index.php\/wp-json\/wp\/v2\/users\/1"}],"replies":[{"embeddable":true,"href":"https:\/\/corrientesdetarde.com\/index.php\/wp-json\/wp\/v2\/comments?post=182478"}],"version-history":[{"count":1,"href":"https:\/\/corrientesdetarde.com\/index.php\/wp-json\/wp\/v2\/posts\/182478\/revisions"}],"predecessor-version":[{"id":182480,"href":"https:\/\/corrientesdetarde.com\/index.php\/wp-json\/wp\/v2\/posts\/182478\/revisions\/182480"}],"wp:featuredmedia":[{"embeddable":true,"href":"https:\/\/corrientesdetarde.com\/index.php\/wp-json\/wp\/v2\/media\/182479"}],"wp:attachment":[{"href":"https:\/\/corrientesdetarde.com\/index.php\/wp-json\/wp\/v2\/media?parent=182478"}],"wp:term":[{"taxonomy":"category","embeddable":true,"href":"https:\/\/corrientesdetarde.com\/index.php\/wp-json\/wp\/v2\/categories?post=182478"},{"taxonomy":"post_tag","embeddable":true,"href":"https:\/\/corrientesdetarde.com\/index.php\/wp-json\/wp\/v2\/tags?post=182478"}],"curies":[{"name":"wp","href":"https:\/\/api.w.org\/{rel}","templated":true}]}}